{"id":9278,"date":"2022-09-07T07:11:00","date_gmt":"2022-09-07T06:11:00","guid":{"rendered":"https:\/\/www.mouthiers-sur-boeme.fr\/?p=9278"},"modified":"2022-09-18T22:22:52","modified_gmt":"2022-09-18T21:22:52","slug":"du-30-septembre-au-2-octobre","status":"publish","type":"post","link":"https:\/\/www.mouthiers-sur-boeme.fr\/?p=9278","title":{"rendered":"REUNION BENEVOLES le 22 sept \u00e0 18h \u00e0 la Mairie"},"content":{"rendered":"\n<p class=\"has-text-align-center has-green-color has-text-color has-large-font-size\"><strong>Nous avons besoin de vous<\/strong> !<\/p>\n\n\n\n<p class=\"has-text-align-center\"><strong>Vous \u00eates sensibilisez au changement climatique, changement d&rsquo;habitude pour manger, consommer&#8230;<\/strong><\/p>\n\n\n\n<p class=\"has-text-align-center\"><strong> Nous recherchons des b\u00e9n\u00e9voles pour le week-end de la 3\u00e8me \u00e9dition du festival \u00ab\u00a0Mouthiers f\u00eate la biodiversit\u00e9\u00a0\u00bb<\/strong><\/p>\n\n\n\n<p>De nombreux \u00e9v\u00e9nements auront lieu tel que spectacles, tables rondes, films, expositions, trocs aux plantes, jeux pour les petits et les grands, villages partenaires et producteurs locaux, concerts\u2026<\/p>\n\n\n\n<p>Afin d&rsquo;en assurer la r\u00e9ussite, nous avons besoin de renforcer notre \u00e9quipe de b\u00e9n\u00e9voles. Si vous \u00eates int\u00e9ress\u00e9s, vous pouvez vous joindre \u00e0 nous lors de la r\u00e9union d&rsquo;organisation le 22 septembre \u00e0 18h \u00e0 la salle du conseil \u00e0 la mairie<\/p>\n\n\n\n<p class=\"has-text-align-center has-dark-gray-color has-text-color\"><strong>Quelles que soient vos comp\u00e9tences, nous seront heureux de partager ces moments avec vous.<\/strong><\/p>\n\n\n\n<div class=\"wp-block-image\"><figure class=\"aligncenter size-large is-resized\"><a href=\"https:\/\/www.mouthiers-sur-boeme.fr\/wp-content\/uploads\/2022\/09\/AfficheFESTIVAL-BIODIVERSITE-2022-V2-2-scaled.jpg\"><img loading=\"lazy\" src=\"https:\/\/www.mouthiers-sur-boeme.fr\/wp-content\/uploads\/2022\/09\/AfficheFESTIVAL-BIODIVERSITE-2022-V2-2-724x1024.jpg\" alt=\"\" class=\"wp-image-9304\" width=\"632\" height=\"894\" srcset=\"https:\/\/www.mouthiers-sur-boeme.fr\/wp-content\/uploads\/2022\/09\/AfficheFESTIVAL-BIODIVERSITE-2022-V2-2-724x1024.jpg 724w, https:\/\/www.mouthiers-sur-boeme.fr\/wp-content\/uploads\/2022\/09\/AfficheFESTIVAL-BIODIVERSITE-2022-V2-2-212x300.jpg 212w, https:\/\/www.mouthiers-sur-boeme.fr\/wp-content\/uploads\/2022\/09\/AfficheFESTIVAL-BIODIVERSITE-2022-V2-2-768x1086.jpg 768w, https:\/\/www.mouthiers-sur-boeme.fr\/wp-content\/uploads\/2022\/09\/AfficheFESTIVAL-BIODIVERSITE-2022-V2-2-1086x1536.jpg 1086w, https:\/\/www.mouthiers-sur-boeme.fr\/wp-content\/uploads\/2022\/09\/AfficheFESTIVAL-BIODIVERSITE-2022-V2-2-1448x2048.jpg 1448w, https:\/\/www.mouthiers-sur-boeme.fr\/wp-content\/uploads\/2022\/09\/AfficheFESTIVAL-BIODIVERSITE-2022-V2-2-scaled.jpg 1810w\" sizes=\"(max-width: 632px) 100vw, 632px\" \/><\/a><\/figure><\/div>\n\n\n\n<p class=\"has-text-align-center has-text-color has-medium-font-size\" style=\"color:#e11316\"><strong>Rendez-vous \u00e0 la mairie salle du conseil le 22 septembre \u00e0 18 heures.<\/strong><\/p>\n\n\n\n<p><\/p>\n","protected":false},"excerpt":{"rendered":"<p>Nous avons besoin de vous ! Vous \u00eates sensibilisez au changement climatique, changement d&rsquo;habitude pour manger, consommer&#8230; Nous recherchons des b\u00e9n\u00e9voles pour le week-end de la 3\u00e8me \u00e9dition du festival \u00ab\u00a0Mouthiers f\u00eate la biodiversit\u00e9\u00a0\u00bb De nombreux \u00e9v\u00e9nements auront lieu tel que spectacles, tables rondes, films, expositions, trocs aux plantes, jeux pour les petits et les &hellip; <a href=\"https:\/\/www.mouthiers-sur-boeme.fr\/?p=9278\" class=\"more-link\">Continuer la lecture de <span class=\"screen-reader-text\">REUNION BENEVOLES le 22 sept \u00e0 18h \u00e0 la Mairie<\/span>  <span class=\"meta-nav\">&rarr;<\/span><\/a><\/p>\n","protected":false},"author":22,"featured_media":9309,"comment_status":"open","ping_status":"open","sticky":false,"template":"","format":"standard","meta":[],"categories":[76,13],"tags":[],"_links":{"self":[{"href":"https:\/\/www.mouthiers-sur-boeme.fr\/index.php?rest_route=\/wp\/v2\/posts\/9278"}],"collection":[{"href":"https:\/\/www.mouthiers-sur-boeme.fr\/index.php?rest_route=\/wp\/v2\/posts"}],"about":[{"href":"https:\/\/www.mouthiers-sur-boeme.fr\/index.php?rest_route=\/wp\/v2\/types\/post"}],"author":[{"embeddable":true,"href":"https:\/\/www.mouthiers-sur-boeme.fr\/index.php?rest_route=\/wp\/v2\/users\/22"}],"replies":[{"embeddable":true,"href":"https:\/\/www.mouthiers-sur-boeme.fr\/index.php?rest_route=%2Fwp%2Fv2%2Fcomments&post=9278"}],"version-history":[{"count":8,"href":"https:\/\/www.mouthiers-sur-boeme.fr\/index.php?rest_route=\/wp\/v2\/posts\/9278\/revisions"}],"predecessor-version":[{"id":9305,"href":"https:\/\/www.mouthiers-sur-boeme.fr\/index.php?rest_route=\/wp\/v2\/posts\/9278\/revisions\/9305"}],"wp:featuredmedia":[{"embeddable":true,"href":"https:\/\/www.mouthiers-sur-boeme.fr\/index.php?rest_route=\/wp\/v2\/media\/9309"}],"wp:attachment":[{"href":"https:\/\/www.mouthiers-sur-boeme.fr\/index.php?rest_route=%2Fwp%2Fv2%2Fmedia&parent=9278"}],"wp:term":[{"taxonomy":"category","embeddable":true,"href":"https:\/\/www.mouthiers-sur-boeme.fr\/index.php?rest_route=%2Fwp%2Fv2%2Fcategories&post=9278"},{"taxonomy":"post_tag","embeddable":true,"href":"https:\/\/www.mouthiers-sur-boeme.fr\/index.php?rest_route=%2Fwp%2Fv2%2Ftags&post=9278"}],"curies":[{"name":"wp","href":"https:\/\/api.w.org\/{rel}","templated":true}]}}