{"id":9332,"date":"2022-09-18T22:21:53","date_gmt":"2022-09-18T21:21:53","guid":{"rendered":"https:\/\/www.mouthiers-sur-boeme.fr\/?p=9332"},"modified":"2022-10-25T15:16:58","modified_gmt":"2022-10-25T14:16:58","slug":"du-30-septembre-au-2-octobre-programme","status":"publish","type":"post","link":"https:\/\/www.mouthiers-sur-boeme.fr\/?p=9332","title":{"rendered":"DU 30 SEPTEMBRE AU 2 OCTOBRE : programme"},"content":{"rendered":"\n<p><\/p>\n\n\n\n<p class=\"has-text-align-center has-green-color has-text-color has-background\" style=\"background-color:#a0ddf1;font-size:25px\"><strong>VENDREDI 30 SEPTEMBRE 2022<\/strong><\/p>\n\n\n\n<p class=\"has-medium-font-size\"><strong>14h-16h<\/strong><\/p>\n\n\n\n<p class=\"has-medium-font-size\"> <strong>Conf\u00e9rence \u00ab\u00a0L&rsquo;Agroforesterie pour produire, prot\u00e9ger et pr\u00e9venir : le champ des possibles\u00a0\u00bb<\/strong><\/p>\n\n\n\n<p>Alain CANET agronome, directeur d&rsquo;Arbres et Paysages 32 et sp\u00e9cialiste de l&rsquo;agriculture du carbone<\/p>\n\n\n\n<p><br><strong>Lyc\u00e9e L&rsquo;Oisellerie de la Couronne<\/strong><\/p>\n\n\n\n<p><a href=\"https:\/\/ap32.fr\/\">https:\/\/ap32.fr<\/a> <a href=\"https:\/\/cna-agroecologie.fr\/\">https:\/\/cna-agroecologie.fr<\/a> <a href=\"http:\/\/www.facebook.com\/alain.canet.5895\">www.facebook.com\/alain.canet.5895<\/a><\/p>\n\n\n\n<p class=\"has-medium-font-size\"><strong>18h-19h30 <\/strong><\/p>\n\n\n\n<p class=\"has-text-align-center has-text-color\" style=\"color:#d71721;font-size:26px\"><strong>Inauguration du festival <\/strong><\/p>\n\n\n\n<p class=\"has-text-align-center has-text-color\" style=\"color:#d71721;font-size:26px\"><strong>et pique-nique tir\u00e9 du sac<\/strong><\/p>\n\n\n\n<p><strong>Club house foot &#8211; Stade de Mouthiers<\/strong><\/p>\n\n\n\n<p>Discours officiels suivis d&rsquo;un cocktail, pr\u00e9sence de la Cyclofficine et de Soup&rsquo; \u00f4 potes<\/p>\n\n\n\n<p><a href=\"https:\/\/www.cyclofficinedangouleme.org\/\">www.cyclofficinedangouleme.org<\/a> <a href=\"http:\/\/www.facebook.com\/CyclofficineDAngouleme\/\">www.facebook.com\/CyclofficineDAngouleme\/<\/a><\/p>\n\n\n\n<div class=\"wp-block-image\"><figure class=\"alignleft size-large\"><a href=\"https:\/\/www.mouthiers-sur-boeme.fr\/wp-content\/uploads\/2022\/09\/image-1.jpg\"><img loading=\"lazy\" width=\"179\" height=\"179\" src=\"https:\/\/www.mouthiers-sur-boeme.fr\/wp-content\/uploads\/2022\/09\/image-1.jpg\" alt=\"\" class=\"wp-image-9336\" srcset=\"https:\/\/www.mouthiers-sur-boeme.fr\/wp-content\/uploads\/2022\/09\/image-1.jpg 179w, https:\/\/www.mouthiers-sur-boeme.fr\/wp-content\/uploads\/2022\/09\/image-1-150x150.jpg 150w\" sizes=\"(max-width: 179px) 100vw, 179px\" \/><\/a><\/figure><\/div>\n\n\n\n<div class=\"wp-block-image\"><figure class=\"alignright size-large\"><a href=\"https:\/\/www.mouthiers-sur-boeme.fr\/wp-content\/uploads\/2022\/09\/image-2.png\"><img loading=\"lazy\" width=\"85\" height=\"104\" src=\"https:\/\/www.mouthiers-sur-boeme.fr\/wp-content\/uploads\/2022\/09\/image-2.png\" alt=\"\" class=\"wp-image-9337\"\/><\/a><\/figure><\/div>\n\n\n\n<p><a href=\"https:\/\/assosoupopotes.weebly.com\/beacuteneacutevolat.html\">assosoupopotes.weebly.com\/beacuteneacutevolat.html<\/a><\/p>\n\n\n\n<p class=\"has-medium-font-size\"><strong>19h30-20h30 <\/strong><\/p>\n\n\n\n<p class=\"has-text-align-center has-medium-font-size\"><strong>Spectacle \u00ab\u00a0G\u00e2chis Bouzouk\u00a0\u00bb<\/strong><\/p>\n\n\n\n<p class=\"has-normal-font-size\">Cie Pile-Poil &#8211; <strong>Salle Gilles PLOQUIN<\/strong> &#8211; 3\u20ac<\/p>\n\n\n\n<p>Un spectacle comique, loufoque, d\u00e9cal\u00e9 et instructif pour \u00e9veiller dans un \u00ab joyeux d\u00e9lire \u00bb les consciences des petits et des grands sur le gaspillage alimentaire, le r\u00e9emploi, la maltraitance animale, la disparition des orangs&nbsp;outans, la d\u00e9forestation&#8230; Tous les ingr\u00e9dients sont r\u00e9unis pour faire de cette app\u00e9tissante com\u00e9die culinaire un savoureux divertissement \u00e0 voir avec ou sans enfants ! Attention zygomatiques fatigu\u00e9s s&rsquo;abstenir.<\/p>\n\n\n\n<p>(Avec : Jean Moritz, Chlo\u00e9 Chycki)<\/p>\n\n\n\n<p><a href=\"http:\/\/www.gachisbouzouk-pilepoilcompagnie.fr\/\">www.gachisbouzouk-pilepoilcompagnie.fr\/<\/a> <a href=\"http:\/\/www.facebook.com\/pilepoilcompagnie\/\">www.facebook.com\/pilepoilcompagnie\/<\/a><\/p>\n\n\n\n<div class=\"wp-block-image\"><figure class=\"aligncenter size-large\"><a href=\"https:\/\/www.mouthiers-sur-boeme.fr\/wp-content\/uploads\/2022\/09\/logo-pile-poil.png\"><img loading=\"lazy\" width=\"221\" height=\"89\" src=\"https:\/\/www.mouthiers-sur-boeme.fr\/wp-content\/uploads\/2022\/09\/logo-pile-poil.png\" alt=\"\" class=\"wp-image-9339\"\/><\/a><\/figure><\/div>\n\n\n\n<p class=\"has-medium-font-size\"><strong>21h-22h30 <\/strong><\/p>\n\n\n\n<p class=\"has-text-align-center has-black-color has-text-color has-medium-font-size\"><strong>Sc\u00e8ne ouverte &amp; Jam session<\/strong><\/p>\n\n\n\n<p class=\"has-black-color has-text-color\" style=\"font-size:17px\"><strong>Salle Gilles PLOQUIN<\/strong><\/p>\n\n\n\n<p>Vous souhaitez participer ? Vous avez quelques morceaux de votre cr\u00e9ation ? N&rsquo;h\u00e9sitez pas \u00e0 vous faire connaitre pour faire partie de la pr\u00e9-programmation en d\u00e9but de soir\u00e9e. La deuxi\u00e8me partie de soir\u00e9e \u00e9voluera en jam session. (Contactez Aline : 06 43 76 30 90).<\/p>\n\n\n\n<h2 class=\"has-text-align-center has-green-color has-text-color has-background\" style=\"background-color:#9bd5ee\">SAMEDI 1<sup>er<\/sup> OCTOBRE 2022<\/h2>\n\n\n\n<p class=\"has-medium-font-size\"><strong>D\u00e8s 9h30 <\/strong><\/p>\n\n\n\n<p class=\"has-text-color has-medium-font-size\" style=\"color:#e31829\"><strong>Place de la Mairie<\/strong><\/p>\n\n\n\n<p class=\"has-text-align-center has-medium-font-size\"><strong>Troc aux plantes &amp; graines &#8211; <\/strong><\/p>\n\n\n\n<p>Ramenez les plants et les graines que vous poss\u00e9dez pour les \u00e9changer avec les festivaliers.\u00e8res&nbsp;ou avec les associations pr\u00e9sentes : Dame For\u00eat, Vieilles Tomates, Cultivons la BioDiversit\u00e9 et Compagnons du V\u00e9g\u00e9tal.&nbsp;<\/p>\n\n\n\n<p><a href=\"https:\/\/www.helloasso.com\/associations\/dame-foret\"><u>www.helloasso.com\/associations\/dame-foret<\/u><\/a><\/p>\n\n\n\n<p><a href=\"http:\/\/www.vieilles-tomates.fr\/\"><u>www.vieilles-tomates.fr\/<\/u><\/a>&nbsp;&nbsp;&nbsp;&nbsp;&nbsp;&nbsp;&nbsp;&nbsp;&nbsp;&nbsp;&nbsp;&nbsp;&nbsp;&nbsp;&nbsp;&nbsp;&nbsp;&nbsp;&nbsp;&nbsp;&nbsp;&nbsp;&nbsp;&nbsp;&nbsp;&nbsp;&nbsp;&nbsp;&nbsp;&nbsp;&nbsp;&nbsp;&nbsp;&nbsp;&nbsp;&nbsp;&nbsp;&nbsp; &nbsp;&nbsp;&nbsp; <a href=\"http:\/\/www.facebook.com\/vieilles.tomates\/\">www.facebook.com\/vieilles.tomates\/<\/a><\/p>\n\n\n\n<p><a href=\"https:\/\/www.facebook.com\/cbdbiodiversite\/\"><u>www.facebook.com\/cbdbiodiversite\/<\/u><\/a>&nbsp;&nbsp;&nbsp;&nbsp;&nbsp;&nbsp;&nbsp;&nbsp;&nbsp;&nbsp;&nbsp;&nbsp;&nbsp;&nbsp;&nbsp;&nbsp;&nbsp;&nbsp;<\/p>\n\n\n\n<p><a href=\"https:\/\/lescompagnonsduvegetal.fr\/\"><u>lescompagnonsduvegetal.fr\/<\/u><\/a>&nbsp;&nbsp;&nbsp;&nbsp;&nbsp;&nbsp;&nbsp;&nbsp;&nbsp;&nbsp; &nbsp;&nbsp;&nbsp; <a href=\"http:\/\/www.facebook.com\/lescompagnonsduvegetal\/\">www.facebook.com\/lescompagnonsduvegetal\/<\/a><\/p>\n\n\n\n<div class=\"wp-block-image\"><figure class=\"alignright size-large is-resized\"><a href=\"https:\/\/www.mouthiers-sur-boeme.fr\/wp-content\/uploads\/2022\/09\/image-dame-foret.png\"><img loading=\"lazy\" src=\"https:\/\/www.mouthiers-sur-boeme.fr\/wp-content\/uploads\/2022\/09\/image-dame-foret.png\" alt=\"\" class=\"wp-image-9340\" width=\"111\" height=\"111\"\/><\/a><\/figure><\/div>\n\n\n\n<div class=\"wp-block-image\"><figure class=\"alignright size-large is-resized\"><a href=\"https:\/\/www.mouthiers-sur-boeme.fr\/wp-content\/uploads\/2022\/09\/image-vieilles-tomates-2.jpg\"><img loading=\"lazy\" src=\"https:\/\/www.mouthiers-sur-boeme.fr\/wp-content\/uploads\/2022\/09\/image-vieilles-tomates-2.jpg\" alt=\"\" class=\"wp-image-9342\" width=\"107\" height=\"107\" srcset=\"https:\/\/www.mouthiers-sur-boeme.fr\/wp-content\/uploads\/2022\/09\/image-vieilles-tomates-2.jpg 224w, https:\/\/www.mouthiers-sur-boeme.fr\/wp-content\/uploads\/2022\/09\/image-vieilles-tomates-2-150x150.jpg 150w\" sizes=\"(max-width: 107px) 100vw, 107px\" \/><\/a><\/figure><\/div>\n\n\n\n<div class=\"wp-block-image\"><figure class=\"aligncenter size-large is-resized\"><a href=\"https:\/\/www.mouthiers-sur-boeme.fr\/wp-content\/uploads\/2022\/09\/image-vieilles-tomates.jpg\"><img loading=\"lazy\" src=\"https:\/\/www.mouthiers-sur-boeme.fr\/wp-content\/uploads\/2022\/09\/image-vieilles-tomates.jpg\" alt=\"\" class=\"wp-image-9341\" width=\"149\" height=\"89\"\/><\/a><\/figure><\/div>\n\n\n\n<div class=\"wp-block-image\"><figure class=\"aligncenter size-large is-resized\"><a href=\"https:\/\/www.mouthiers-sur-boeme.fr\/wp-content\/uploads\/2022\/09\/image-Compagnons-du-vegetal.png\"><img loading=\"lazy\" src=\"https:\/\/www.mouthiers-sur-boeme.fr\/wp-content\/uploads\/2022\/09\/image-Compagnons-du-vegetal.png\" alt=\"\" class=\"wp-image-9343\" width=\"115\" height=\"115\" srcset=\"https:\/\/www.mouthiers-sur-boeme.fr\/wp-content\/uploads\/2022\/09\/image-Compagnons-du-vegetal.png 173w, https:\/\/www.mouthiers-sur-boeme.fr\/wp-content\/uploads\/2022\/09\/image-Compagnons-du-vegetal-150x150.png 150w\" sizes=\"(max-width: 115px) 100vw, 115px\" \/><\/a><\/figure><\/div>\n\n\n\n<p class=\"has-medium-font-size\"><strong>10h-12h<\/strong><\/p>\n\n\n\n<p class=\"has-text-align-left has-text-color\" style=\"color:#e80d20;font-size:24px\"><strong>MJC<\/strong><\/p>\n\n\n\n<p class=\"has-text-align-center has-medium-font-size\"><strong>Conf\u00e9rence \u00ab\u00a0Comment s&rsquo;installer en collectif\u00a0\u00bb<\/strong> suivie d&rsquo;une d\u00e9gustation<\/p>\n\n\n\n<p>Avec la Ferme du Pas &#8211; &#8211; sur r\u00e9servation (07 60 81 88 03)<\/p>\n\n\n\n<p>Le collectif de la Ferme du Pas vient t\u00e9moigner sur son exp\u00e9rience dans la gestion collective d&rsquo;une ferme et proposera aux participant.e.s de d\u00e9guster des produits de la ferme.<\/p>\n\n\n\n<p><a href=\"http:\/\/www.facebook.com\/lafermedupas\/\">www.facebook.com\/lafermedupas\/<\/a><\/p>\n\n\n\n<div class=\"wp-block-image\"><figure class=\"aligncenter size-large\"><a href=\"https:\/\/www.mouthiers-sur-boeme.fr\/wp-content\/uploads\/2022\/09\/manger-en-collectif.png\"><img loading=\"lazy\" width=\"152\" height=\"150\" src=\"https:\/\/www.mouthiers-sur-boeme.fr\/wp-content\/uploads\/2022\/09\/manger-en-collectif.png\" alt=\"\" class=\"wp-image-9344\"\/><\/a><\/figure><\/div>\n\n\n\n<p class=\"has-text-align-left has-text-color has-medium-font-size\" style=\"color:#ed0e2c\"><strong>Grand tivoli au chev\u00eat de l&rsquo;Eglise<\/strong><\/p>\n\n\n\n<p class=\"has-text-align-center has-medium-font-size\"><strong>Table ronde \u00ab\u00a0Requestionnons les labels en agriculture\u00a0\u00bb<\/strong><\/p>\n\n\n\n<p>Avec Alain CANET (agronome et sp\u00e9cialiste de l&rsquo;agriculture du carbone &#8211; directeur d&rsquo;Arbres et Paysages 32),<strong>&nbsp;l&rsquo;Association Pour l&rsquo;Agriculture Durable (APAD)<\/strong>, la Maison de l&rsquo;Agriculture Biologique (MAB16), la Chambre d&rsquo;Agriculture,&nbsp;<strong>Nature&amp;Progr\u00e8s<\/strong>. Anim\u00e9e par Jean REVEREAULT, \u00e9lu adjoint \u00e0 Mouthiers &#8211; <\/p>\n\n\n\n<p><a href=\"\/home\/michele\/Bureau\/ap32.fr\">ap32.fr<\/a>&nbsp;&nbsp;&nbsp;&nbsp;&nbsp;&nbsp;&nbsp;&nbsp;&nbsp; <a href=\"\/home\/michele\/Bureau\/cna-agroecologie.fr\/\">cna-agroecologie.fr\/<\/a>&nbsp;&nbsp;&nbsp;&nbsp;&nbsp;&nbsp;&nbsp;&nbsp; &nbsp;<a href=\"http:\/\/www.facebook.com\/alain.canet.5895\">www.facebook.com\/alain.canet.5895<\/a><\/p>\n\n\n\n<p><a href=\"http:\/\/www.apad.asso.fr\/\">www.apad.asso.fr\/<\/a>&nbsp;&nbsp;&nbsp;&nbsp;&nbsp;&nbsp;&nbsp;&nbsp;&nbsp;&nbsp;&nbsp;&nbsp;&nbsp;&nbsp;&nbsp;&nbsp;&nbsp;&nbsp;&nbsp;&nbsp;&nbsp;&nbsp;&nbsp;&nbsp;&nbsp;&nbsp;&nbsp;&nbsp;&nbsp;&nbsp;&nbsp;&nbsp;&nbsp;&nbsp;&nbsp;&nbsp;&nbsp;&nbsp;&nbsp;&nbsp; &nbsp;&nbsp;&nbsp;&nbsp;&nbsp;&nbsp;<a href=\"http:\/\/www.facebook.com\/apad.agriculture\/\">www.facebook.com\/apad.agriculture\/<\/a><\/p>\n\n\n\n<p><a href=\"http:\/\/www.facebook.com\/maisonAB16\/\">www.facebook.com\/maisonAB16\/<\/a><\/p>\n\n\n\n<p><a href=\"\/home\/michele\/Bureau\/charente.chambre-agriculture.fr\/\">charente.chambre-agriculture.fr\/<\/a>&nbsp;&nbsp;&nbsp;&nbsp;&nbsp;&nbsp;&nbsp;&nbsp;&nbsp;&nbsp;&nbsp;&nbsp;&nbsp;&nbsp;&nbsp;&nbsp;&nbsp;&nbsp;&nbsp;&nbsp;&nbsp;&nbsp;&nbsp;&nbsp;&nbsp;&nbsp;&nbsp;&nbsp; <a href=\"http:\/\/www.facebook.com\/chambagri16\/\">www.facebook.com\/chambagri16\/<\/a><\/p>\n\n\n\n<div class=\"wp-block-image\"><figure class=\"alignright size-large is-resized\"><a href=\"https:\/\/www.mouthiers-sur-boeme.fr\/wp-content\/uploads\/2022\/09\/arbres-et-paysages.jpg\"><img loading=\"lazy\" src=\"https:\/\/www.mouthiers-sur-boeme.fr\/wp-content\/uploads\/2022\/09\/arbres-et-paysages.jpg\" alt=\"\" class=\"wp-image-9345\" width=\"172\" height=\"102\"\/><\/a><\/figure><\/div>\n\n\n\n<div class=\"wp-block-image\"><figure class=\"alignright size-large is-resized\"><a href=\"https:\/\/www.mouthiers-sur-boeme.fr\/wp-content\/uploads\/2022\/09\/MAB-16.png\"><img loading=\"lazy\" src=\"https:\/\/www.mouthiers-sur-boeme.fr\/wp-content\/uploads\/2022\/09\/MAB-16.png\" alt=\"\" class=\"wp-image-9347\" width=\"76\" height=\"93\"\/><\/a><\/figure><\/div>\n\n\n\n<div class=\"wp-block-image\"><figure class=\"alignleft size-large is-resized\"><a href=\"https:\/\/www.mouthiers-sur-boeme.fr\/wp-content\/uploads\/2022\/09\/nature-et-progres.png\"><img loading=\"lazy\" src=\"https:\/\/www.mouthiers-sur-boeme.fr\/wp-content\/uploads\/2022\/09\/nature-et-progres.png\" alt=\"\" class=\"wp-image-9348\" width=\"91\" height=\"127\"\/><\/a><\/figure><\/div>\n\n\n\n<figure class=\"wp-block-image size-large\"><a href=\"https:\/\/www.mouthiers-sur-boeme.fr\/wp-content\/uploads\/2022\/09\/agriculture-et-territoires.jpg\"><img loading=\"lazy\" width=\"94\" height=\"102\" src=\"https:\/\/www.mouthiers-sur-boeme.fr\/wp-content\/uploads\/2022\/09\/agriculture-et-territoires.jpg\" alt=\"\" class=\"wp-image-9349\"\/><\/a><\/figure>\n\n\n\n<div class=\"wp-block-image\"><figure class=\"alignleft size-large is-resized\"><a href=\"https:\/\/www.mouthiers-sur-boeme.fr\/wp-content\/uploads\/2022\/09\/APAD.jpg\"><img loading=\"lazy\" src=\"https:\/\/www.mouthiers-sur-boeme.fr\/wp-content\/uploads\/2022\/09\/APAD.jpg\" alt=\"\" class=\"wp-image-9346\" width=\"135\" height=\"89\"\/><\/a><\/figure><\/div>\n\n\n\n<p><\/p>\n\n\n\n<p><\/p>\n\n\n\n<p class=\"has-text-align-center has-medium-font-size\"><strong>Balade d\u00e9couverte \u00ab\u00a0Sur la piste du Vison d&rsquo;Europe\u00a0\u00bb<\/strong><\/p>\n\n\n\n<p class=\"has-text-color\" style=\"color:#a30009\">RDV \u00e0 10h directement au d\u00e9part de la balade&nbsp;qui aura lieu <a href=\"https:\/\/www.google.fr\/maps\/place\/45%C2%B033'41.9%22N+0%C2%B006'56.4%22E\/@45.5616279,0.1151268,148m\/data=!3m2!1e3!4b1!4m14!1m7!3m6!1s0x47ffd256f05e1b0d:0x6b4244334f73ac5d!2s16440+Mouthiers-sur-Bo%C3%ABme!3b1!8m2!3d45.560382!4d0.126457!3m5!1s0x0:0xdfe83f2a570862c3!7e2!8m2!3d45.5616268!4d0.1156741\"><u><strong>ICI<\/strong><\/u><u>&nbsp;<\/u><\/a>: <a href=\"https:\/\/www.google.fr\/maps\/place\/45%C2%B033'41.9%22N+0%C2%B006'56.4%22E\/@45.5616279,0.1151268,148m\/data=!3m2!1e3!4b1!4m14!1m7!3m6!1s0x47ffd256f05e1b0d:0x6b4244334f73ac5d!2s16440+Mouthiers-sur-Bo%C3%ABme!3b1!8m2!3d45.560382!4d0.126457!3m5!1s0x0:0xdfe83f2a570862c3!7e2!8m2!3d45.5616268!4d0.1156741\">La Rochandry &#8211; Les tourbi\u00e8res de Mouthiers<\/a> ou RDV \u00e0 9h45 \u00e0 l&rsquo;accueil du festival pour un transfert en navette vers le d\u00e9part de la balade.<\/p>\n\n\n\n<p>Dans le cadre du programme LIFE VISON, en cours sur le bassin versant du fleuve Charente, la LPO et Charente Nature ont le plaisir de vous convier \u00e0 une sortie nature.<\/p>\n\n\n\n<p>Venez percer les secrets du mammif\u00e8re le plus menac\u00e9 d&rsquo;Europe et d\u00e9couvrir les actions men\u00e9es pour sa sauvegarde !<\/p>\n\n\n\n<p><em>Boucle p\u00e9destre de quelques kilom\u00e8tres, sans difficult\u00e9s majeures, familles bienvenues.<\/em><\/p>\n\n\n\n<p><em>V\u00eatements et chaussures imperm\u00e9ables recommand\u00e9s<\/em><\/p>\n\n\n\n<p><a href=\"https:\/\/lifevison.fr\/\"><u>lifevison.fr\/<\/u><\/a> <a href=\"https:\/\/poitou-charentes.lpo.fr\/\">poitou-charentes.lpo.fr\/<\/a> <a href=\"http:\/\/www.facebook.com\/LPO-en-Charente-542581046528168\/\">www.facebook.com\/LPO-en-Charente-542581046528168\/<\/a><br><a href=\"http:\/\/www.charente-nature.org\/\">www.charente-nature.org\/<\/a> <a href=\"http:\/\/www.facebook.com\/CharenteNature\/\">www.facebook.com\/CharenteNature\/<\/a><\/p>\n\n\n\n<div class=\"wp-block-image\"><figure class=\"alignright size-large is-resized\"><a href=\"https:\/\/www.mouthiers-sur-boeme.fr\/wp-content\/uploads\/2022\/09\/Charente-nature.png\"><img loading=\"lazy\" src=\"https:\/\/www.mouthiers-sur-boeme.fr\/wp-content\/uploads\/2022\/09\/Charente-nature.png\" alt=\"\" class=\"wp-image-9352\" width=\"159\" height=\"150\"\/><\/a><\/figure><\/div>\n\n\n\n<div class=\"wp-block-image\"><figure class=\"aligncenter size-large is-resized\"><a href=\"https:\/\/www.mouthiers-sur-boeme.fr\/wp-content\/uploads\/2022\/09\/life-vison.jpg\"><img loading=\"lazy\" src=\"https:\/\/www.mouthiers-sur-boeme.fr\/wp-content\/uploads\/2022\/09\/life-vison.jpg\" alt=\"\" class=\"wp-image-9351\" width=\"234\" height=\"108\"\/><\/a><\/figure><\/div>\n\n\n\n<div class=\"wp-block-image\"><figure class=\"aligncenter size-large is-resized\"><a href=\"https:\/\/www.mouthiers-sur-boeme.fr\/wp-content\/uploads\/2022\/09\/LPO.png\"><img loading=\"lazy\" src=\"https:\/\/www.mouthiers-sur-boeme.fr\/wp-content\/uploads\/2022\/09\/LPO.png\" alt=\"\" class=\"wp-image-9353\" width=\"294\" height=\"99\" srcset=\"https:\/\/www.mouthiers-sur-boeme.fr\/wp-content\/uploads\/2022\/09\/LPO.png 531w, https:\/\/www.mouthiers-sur-boeme.fr\/wp-content\/uploads\/2022\/09\/LPO-300x101.png 300w\" sizes=\"(max-width: 294px) 100vw, 294px\" \/><\/a><\/figure><\/div>\n\n\n\n<p style=\"font-size:22px\"><strong>14h<\/strong><\/p>\n\n\n\n<p class=\"has-text-align-center has-medium-font-size\"><strong>Table ronde \u00ab\u00a0Grainestorming\u00a0\u00bb<\/strong> autour des semences en agriculture<\/p>\n\n\n\n<p>Semence Nature, La Chambre d&rsquo;Agriculture, Cultivons la BioDiversit\u00e9, Les Compagnons du V\u00e9g\u00e9tal&#8230; <strong>Grand&nbsp;<\/strong><strong>t<\/strong><strong>ivoli au chev\u00eat de l&rsquo;Eglise<\/strong>. Anim\u00e9e par Jean REVEREAULT, \u00e9lu adjoint \u00e0 Mouthiers.<\/p>\n\n\n\n<p><a href=\"http:\/\/www.semence-nature.fr\/\">www.semence-nature.fr\/<\/a>&nbsp;&nbsp;&nbsp;&nbsp;&nbsp;&nbsp;&nbsp;&nbsp;&nbsp;&nbsp;&nbsp; <a href=\"http:\/\/www.facebook.com\/profile.php?id=100066626228387\">www.facebook.com\/profile.php?id=100066626228387<\/a><\/p>\n\n\n\n<p><a href=\"\/home\/michele\/Bureau\/charente.chambre-agriculture.fr\/\">charente.chambre-agriculture.fr\/<\/a>&nbsp;&nbsp;&nbsp;&nbsp;&nbsp;&nbsp;&nbsp;&nbsp;&nbsp;&nbsp;&nbsp;&nbsp;&nbsp;&nbsp;&nbsp;&nbsp;&nbsp;&nbsp;&nbsp;&nbsp; &nbsp;&nbsp;&nbsp;&nbsp;&nbsp;&nbsp;&nbsp;&nbsp;<a href=\"http:\/\/www.facebook.com\/chambagri16\/\">www.facebook.com\/chambagri16\/<\/a><\/p>\n\n\n\n<p><a href=\"http:\/\/www.facebook.com\/cbdbiodiversite\/\">www.facebook.com\/cbdbiodiversite\/<\/a>&nbsp;&nbsp;&nbsp;&nbsp;&nbsp;&nbsp;&nbsp;&nbsp;&nbsp;&nbsp;&nbsp;&nbsp;&nbsp;&nbsp;&nbsp;&nbsp;&nbsp;&nbsp;<\/p>\n\n\n\n<p><a href=\"\/home\/michele\/Bureau\/lescompagnonsduvegetal.fr\/\">lescompagnonsduvegetal.fr\/<\/a>&nbsp;&nbsp;&nbsp;&nbsp;&nbsp;&nbsp;&nbsp;&nbsp;&nbsp;&nbsp;&nbsp;&nbsp;&nbsp; <a href=\"http:\/\/www.facebook.com\/lescompagnonsduvegetal\/\">www.facebook.com\/lescompagnonsduvegetal\/<\/a><\/p>\n\n\n\n<div class=\"wp-block-image\"><figure class=\"alignright size-large\"><a href=\"https:\/\/www.mouthiers-sur-boeme.fr\/wp-content\/uploads\/2022\/09\/cultivons-la-biodiversite.jpg\"><img loading=\"lazy\" width=\"300\" height=\"140\" src=\"https:\/\/www.mouthiers-sur-boeme.fr\/wp-content\/uploads\/2022\/09\/cultivons-la-biodiversite.jpg\" alt=\"\" class=\"wp-image-9356\"\/><\/a><\/figure><\/div>\n\n\n\n<div class=\"wp-block-image\"><figure class=\"alignright size-large\"><a href=\"https:\/\/www.mouthiers-sur-boeme.fr\/wp-content\/uploads\/2022\/09\/image-Compagnons-du-vegetal-1.png\"><img loading=\"lazy\" width=\"173\" height=\"173\" src=\"https:\/\/www.mouthiers-sur-boeme.fr\/wp-content\/uploads\/2022\/09\/image-Compagnons-du-vegetal-1.png\" alt=\"\" class=\"wp-image-9357\" srcset=\"https:\/\/www.mouthiers-sur-boeme.fr\/wp-content\/uploads\/2022\/09\/image-Compagnons-du-vegetal-1.png 173w, https:\/\/www.mouthiers-sur-boeme.fr\/wp-content\/uploads\/2022\/09\/image-Compagnons-du-vegetal-1-150x150.png 150w\" sizes=\"(max-width: 173px) 100vw, 173px\" \/><\/a><\/figure><\/div>\n\n\n\n<figure class=\"wp-block-image size-large is-resized\"><a href=\"https:\/\/www.mouthiers-sur-boeme.fr\/wp-content\/uploads\/2022\/09\/agriculture-et-territoires-1.jpg\"><img loading=\"lazy\" src=\"https:\/\/www.mouthiers-sur-boeme.fr\/wp-content\/uploads\/2022\/09\/agriculture-et-territoires-1.jpg\" alt=\"\" class=\"wp-image-9358\" width=\"138\" height=\"150\"\/><\/a><\/figure>\n\n\n\n<figure class=\"wp-block-image size-large is-resized\"><a href=\"https:\/\/www.mouthiers-sur-boeme.fr\/wp-content\/uploads\/2022\/09\/semences-natures.jpg\"><img loading=\"lazy\" src=\"https:\/\/www.mouthiers-sur-boeme.fr\/wp-content\/uploads\/2022\/09\/semences-natures.jpg\" alt=\"\" class=\"wp-image-9355\" width=\"281\" height=\"130\" srcset=\"https:\/\/www.mouthiers-sur-boeme.fr\/wp-content\/uploads\/2022\/09\/semences-natures.jpg 405w, https:\/\/www.mouthiers-sur-boeme.fr\/wp-content\/uploads\/2022\/09\/semences-natures-300x139.jpg 300w\" sizes=\"(max-width: 281px) 100vw, 281px\" \/><\/a><\/figure>\n\n\n\n<p class=\"has-text-align-center has-medium-font-size\"><strong>Visite ferme \u00ab\u00a0Transformer une parcelle en agroforesterie\u00a0\u00bb<\/strong><\/p>\n\n\n\n<p>Alain CANET <strong>&#8211;&nbsp;La Ferme du Roi&nbsp;<\/strong>ou navette possible avec RDV au stand Accueil \u00e0 13h45<\/p>\n\n\n\n<p>Intervention d&rsquo;Alain Canet (agronome et sp\u00e9cialiste de l&rsquo;agriculture du carbone &#8211; pr\u00e9sident d&rsquo;Arbres et Paysages 32) sur la ferme du Roi, mara\u00eechage et arboriculture en agriculture biologique&nbsp;<a href=\"https:\/\/www.facebook.com\/LaFermeduRoi\"><u>https:\/\/www.facebook.com\/LaFermeduRoi<\/u><\/a><\/p>\n\n\n\n<p><a href=\"\/home\/michele\/Bureau\/ap32.fr\">ap32.fr<\/a>&nbsp;&nbsp;&nbsp; &nbsp;&nbsp;&nbsp; &nbsp;&nbsp;&nbsp;&nbsp;&nbsp;<a href=\"\/home\/michele\/Bureau\/cna-agroecologie.fr\/\">cna-agroecologie.fr\/<\/a>&nbsp;&nbsp;&nbsp;&nbsp;&nbsp;&nbsp; &nbsp;&nbsp;&nbsp; <a href=\"http:\/\/www.facebook.com\/alain.canet.5895\">www.facebook.com\/alain.canet.5895<\/a><\/p>\n\n\n\n<div class=\"wp-block-image\"><figure class=\"aligncenter size-large\"><a href=\"https:\/\/www.mouthiers-sur-boeme.fr\/wp-content\/uploads\/2022\/09\/arbre-et-paysage-32.jpg\"><img loading=\"lazy\" width=\"264\" height=\"157\" src=\"https:\/\/www.mouthiers-sur-boeme.fr\/wp-content\/uploads\/2022\/09\/arbre-et-paysage-32.jpg\" alt=\"\" class=\"wp-image-9360\"\/><\/a><\/figure><\/div>\n\n\n\n<p><\/p>\n\n\n\n<p class=\"has-text-align-center has-medium-font-size\"><strong>\u00ab\u00a0Analyse ton sol\u00a0\u00bb<\/strong><\/p>\n\n\n\n<p>Les p&rsquo;tits D\u00e9brouillards&nbsp;&#8211; Potager partag\u00e9 du <strong>Club jardin <\/strong>(\u00e0 c\u00f4t\u00e9 de la Mairie)<\/p>\n\n\n\n<div class=\"wp-block-image\"><figure class=\"aligncenter size-large is-resized\"><a href=\"https:\/\/www.mouthiers-sur-boeme.fr\/wp-content\/uploads\/2022\/09\/les-petits-debrouillards.jpg\"><img loading=\"lazy\" src=\"https:\/\/www.mouthiers-sur-boeme.fr\/wp-content\/uploads\/2022\/09\/les-petits-debrouillards.jpg\" alt=\"\" class=\"wp-image-9361\" width=\"152\" height=\"72\" srcset=\"https:\/\/www.mouthiers-sur-boeme.fr\/wp-content\/uploads\/2022\/09\/les-petits-debrouillards.jpg 335w, https:\/\/www.mouthiers-sur-boeme.fr\/wp-content\/uploads\/2022\/09\/les-petits-debrouillards-300x143.jpg 300w\" sizes=\"(max-width: 152px) 100vw, 152px\" \/><\/a><\/figure><\/div>\n\n\n\n<p><a href=\"http:\/\/www.lespetitsdebrouillards.org\/\"><u>www.lespetitsdebrouillards.org<\/u><\/a> &nbsp;&nbsp;&nbsp;&nbsp;&nbsp; &nbsp;&nbsp;&nbsp;&nbsp;&nbsp;&nbsp;&nbsp; &nbsp;&nbsp;&nbsp;&nbsp;&nbsp;&nbsp;&nbsp;&nbsp;&nbsp;&nbsp;&nbsp;&nbsp;&nbsp;&nbsp;&nbsp;&nbsp;www.facebook.com\/apdnaq\/<\/p>\n\n\n\n<p><\/p>\n\n\n\n<p class=\"has-text-align-center has-medium-font-size\"><strong>Animation musique v\u00e9g\u00e9tale<\/strong><\/p>\n\n\n\n<p class=\"has-text-align-center has-text-color\" style=\"color:#ea0e12\"><strong>Village associatif sur r\u00e9servation aupr\u00e8s de Myl\u00e8ne <\/strong><\/p>\n\n\n\n<p class=\"has-text-align-center has-text-color\" style=\"color:#ea0e12\"><strong>au 06 23 64 19 39<\/strong><\/p>\n\n\n\n<p>Tu sais siffler, mais pas comme un pinson ? Rejoins nous pour un atelier musique verte et bricol\u00e9e ce samedi. Au programme : construction d&rsquo;appeaux et Kazoo \u00e0 base de v\u00e9g\u00e9taux et de r\u00e9cup&rsquo; ! Avec Ecolozik, de quoi faire chanter joyeusement jardins et for\u00eats.<\/p>\n\n\n\n<p>2 s\u00e9ances de 1h avec 10 enfants \u00e0 la fois + surprise musicale \u00e0 la fin des 2h<\/p>\n\n\n\n<div class=\"wp-block-image\"><figure class=\"aligncenter size-large\"><a href=\"https:\/\/www.mouthiers-sur-boeme.fr\/wp-content\/uploads\/2022\/09\/ecolozik-logo.png\"><img loading=\"lazy\" width=\"206\" height=\"174\" src=\"https:\/\/www.mouthiers-sur-boeme.fr\/wp-content\/uploads\/2022\/09\/ecolozik-logo.png\" alt=\"\" class=\"wp-image-9363\"\/><\/a><\/figure><\/div>\n\n\n\n<p><a href=\"https:\/\/lafabrikecolozik.wixsite.com\/la-fabrik-ecolozik\"><u>lafabrikecolozik.wixsite.com\/la-fabrik-ecolozik<\/u><\/a>&nbsp;&nbsp;&nbsp;&nbsp; &nbsp;&nbsp;&nbsp;&nbsp;&nbsp;&nbsp;&nbsp;&nbsp;&nbsp;&nbsp;&nbsp;<a href=\"http:\/\/www.facebook.com\/lafabrikecolozik\"><u>www.facebook.com\/lafabrikecolozik<\/u><\/a><\/p>\n\n\n\n<p class=\"has-medium-font-size\"><strong>15h30-17h <\/strong><\/p>\n\n\n\n<p class=\"has-text-align-center has-medium-font-size\"><strong>\u00ab&nbsp;Cuisinons et d\u00e9gustons&nbsp;\u00bb<\/strong><\/p>\n\n\n\n<p class=\"has-text-color\" style=\"color:#d90f12\"><strong>RDV \u00e0 l&rsquo;EHPAD<\/strong> &#8211; sur r\u00e9servation aupr\u00e8s de Charlotte au 06 76 31 99 39<\/p>\n\n\n\n<p>Pr\u00e9paration et d\u00e9gustation d&rsquo;un go\u00fbter plaisir, sant\u00e9, de saison avec des produits locaux. Un moment convivial et ludique \u00e0 partager en famille&#8230;<\/p>\n\n\n\n<p><a href=\"http:\/\/www.facebook.com\/regalade.regalade.54\">www.facebook.com\/regalade.regalade.54<\/a> <a href=\"http:\/\/www.associationregalade.fr\/\">www.associationregalade.fr\/<\/a><\/p>\n\n\n\n<div class=\"wp-block-image\"><figure class=\"aligncenter size-large\"><a href=\"https:\/\/www.mouthiers-sur-boeme.fr\/wp-content\/uploads\/2022\/09\/regalade-logo.jpg\"><img loading=\"lazy\" width=\"432\" height=\"167\" src=\"https:\/\/www.mouthiers-sur-boeme.fr\/wp-content\/uploads\/2022\/09\/regalade-logo.jpg\" alt=\"\" class=\"wp-image-9364\" srcset=\"https:\/\/www.mouthiers-sur-boeme.fr\/wp-content\/uploads\/2022\/09\/regalade-logo.jpg 432w, https:\/\/www.mouthiers-sur-boeme.fr\/wp-content\/uploads\/2022\/09\/regalade-logo-300x116.jpg 300w\" sizes=\"(max-width: 432px) 100vw, 432px\" \/><\/a><\/figure><\/div>\n\n\n\n<p><\/p>\n\n\n\n<p class=\"has-medium-font-size\"><strong>16h<\/strong><\/p>\n\n\n\n<p>La Maison de L&rsquo;agriculture Biologique vous donne rendez-vous sur le&nbsp;<strong>village associatif<\/strong>&nbsp;pour une restitution d&rsquo;une \u00e9tude concr\u00e8te : <strong>\u00ab\u00a0Quel impact de l&rsquo;agriculture biologique sur l&rsquo;activit\u00e9 des sols ?\u00a0\u00bb<\/strong> Anim\u00e9 par Ana\u00efs BIOCHE technicienne Grandes Cultures<\/p>\n\n\n\n<p><a href=\"https:\/\/www.facebook.com\/maisonAB16\"><em><u><strong>www.facebook.com\/maisonAB16<\/strong><\/u><\/em><\/a><\/p>\n\n\n\n<div class=\"wp-block-image\"><figure class=\"aligncenter size-large\"><a href=\"https:\/\/www.mouthiers-sur-boeme.fr\/wp-content\/uploads\/2022\/09\/MAB-16-1.png\"><img loading=\"lazy\" width=\"91\" height=\"112\" src=\"https:\/\/www.mouthiers-sur-boeme.fr\/wp-content\/uploads\/2022\/09\/MAB-16-1.png\" alt=\"\" class=\"wp-image-9365\"\/><\/a><\/figure><\/div>\n\n\n\n<p class=\"has-medium-font-size\"><strong>16h-18h30<\/strong><\/p>\n\n\n\n<h2 class=\"has-text-color has-medium-font-size\" style=\"color:#eb1114\"><strong>Salle Gilles PLOQUIN<\/strong><\/h2>\n\n\n\n<p class=\"has-text-align-center has-medium-font-size\"><strong>Film d\u2019\u00c9douard BERGERON<\/strong><\/p>\n\n\n\n<p class=\"has-text-align-center has-medium-font-size\"><strong> \u00ab\u00a0Le paysan qui d\u00e9fie Monsanto\u00a0\u00bb<\/strong><\/p>\n\n\n\n<p>suivi d&rsquo;un d\u00e9bat avec Paul FRANCOIS &#8211;  &#8211; navette possible avec RDV au stand Accueil \u00e0 15h40<\/p>\n\n\n\n<p>Agriculteur \u00e0 Bernac (Charente), Paul FRANCOIS est connu comme militant associatif. Apr\u00e8s des ann\u00e9es \u00e0 travailler sa terre de mani\u00e8re conventionnelle, il est victime d&rsquo;un grave accident en 2004 lors de la manipulation d&rsquo;un herbicide de la firme Monsanto aujourd&rsquo;hui interdit en France. Ayant des l\u00e9sions s\u00e9v\u00e8res et irr\u00e9versibles il attaque la multinationale en justice, et b\u00e9n\u00e9ficie de verdicts favorables en premi\u00e8re instance et en appel. Divisant la profession agricole mais obtenant de nombreux soutiens dans les milieux alternatifs, son combat \u00e0 fait l&rsquo;objet d&rsquo;une importante couverture m\u00e9diatique, d&rsquo;un livre qu&rsquo;il a r\u00e9dig\u00e9, et de la reconnaissance institutionnelle par la L\u00e9gion d&rsquo;honneur.&nbsp;<\/p>\n\n\n\n<p class=\"has-text-align-left has-medium-font-size\"><strong> <\/strong><\/p>\n\n\n\n<p class=\"has-text-align-left has-medium-font-size\"><strong>19h-21h<\/strong><\/p>\n\n\n\n<p class=\"has-text-align-center has-medium-font-size\"><strong>Concert&nbsp;\u00ab\u00a0Bal funk 100% Groove\u00a0\u00bb<\/strong><\/p>\n\n\n\n<p><strong>House Party<\/strong> &#8211; <strong>Place de la Mairie<\/strong><\/p>\n\n\n\n<p>Composition Bass Drums Guitars Percussion et Vocals.&nbsp;<\/p>\n\n\n\n<p>Une s\u00e9lection de reprises des 70\u2019s \u00e0 nos jours Funk\/Disco Funk\/Nu Funk pour vous faire groover non-stop ! De James Brown \u00e0 Jamiroqua\u00ef, en passant par Mac\u00e9o Parker ou Daft Punk. Le r\u00e9pertoire&nbsp;id\u00e9al pour une ambiance de Jour comme de Nuit.<\/p>\n\n\n\n<p><a href=\"https:\/\/www.facebook.com\/profile.php?id=100082467563346\"><u>www.facebook.com\/profile.php?id=100082467563346<\/u><\/a><\/p>\n\n\n\n<div class=\"wp-block-image\"><figure class=\"alignright size-large is-resized\"><a href=\"https:\/\/www.mouthiers-sur-boeme.fr\/wp-content\/uploads\/2022\/09\/funk.jpg\"><img loading=\"lazy\" src=\"https:\/\/www.mouthiers-sur-boeme.fr\/wp-content\/uploads\/2022\/09\/funk.jpg\" alt=\"\" class=\"wp-image-9368\" width=\"171\" height=\"156\"\/><\/a><\/figure><\/div>\n\n\n\n<div class=\"wp-block-image\"><figure class=\"aligncenter size-large\"><a href=\"https:\/\/www.mouthiers-sur-boeme.fr\/wp-content\/uploads\/2022\/09\/House-party.jpg\"><img loading=\"lazy\" width=\"179\" height=\"179\" src=\"https:\/\/www.mouthiers-sur-boeme.fr\/wp-content\/uploads\/2022\/09\/House-party.jpg\" alt=\"\" class=\"wp-image-9367\" srcset=\"https:\/\/www.mouthiers-sur-boeme.fr\/wp-content\/uploads\/2022\/09\/House-party.jpg 179w, https:\/\/www.mouthiers-sur-boeme.fr\/wp-content\/uploads\/2022\/09\/House-party-150x150.jpg 150w\" sizes=\"(max-width: 179px) 100vw, 179px\" \/><\/a><\/figure><\/div>\n\n\n\n<p class=\"has-medium-font-size\"><strong>21h30 <\/strong><\/p>\n\n\n\n<h2 class=\"has-text-align-center\"><strong>Concert&nbsp;<\/strong>L&rsquo;Enfant sauvage &#8211;<\/h2>\n\n\n\n<p><\/p>\n\n\n\n<p>Depuis 2016, le<strong>&nbsp;collectif L\u2019Enfant Sauvage<\/strong>&nbsp;fait vibrer les mursd\u2019Angoul\u00eame et ses environs, gr\u00e2ce \u00e0 sa diversit\u00e9 d\u2019artistes qui n\u2019ont qu\u2019un seul souhait : cr\u00e9er leur univers pour que tout le monde se mette \u00e0 danser !<\/p>\n\n\n\n<div class=\"wp-block-image\"><figure class=\"aligncenter size-large is-resized\"><a href=\"https:\/\/www.mouthiers-sur-boeme.fr\/wp-content\/uploads\/2022\/09\/masque.jpg\"><img loading=\"lazy\" src=\"https:\/\/www.mouthiers-sur-boeme.fr\/wp-content\/uploads\/2022\/09\/masque.jpg\" alt=\"\" class=\"wp-image-9370\" width=\"139\" height=\"139\" srcset=\"https:\/\/www.mouthiers-sur-boeme.fr\/wp-content\/uploads\/2022\/09\/masque.jpg 428w, https:\/\/www.mouthiers-sur-boeme.fr\/wp-content\/uploads\/2022\/09\/masque-300x300.jpg 300w, https:\/\/www.mouthiers-sur-boeme.fr\/wp-content\/uploads\/2022\/09\/masque-150x150.jpg 150w\" sizes=\"(max-width: 139px) 100vw, 139px\" \/><\/a><\/figure><\/div>\n\n\n\n<p><a href=\"http:\/\/www.facebook.com\/OlenfantsauvageO\/\">www.facebook.com\/OlenfantsauvageO\/<\/a><\/p>\n\n\n\n<h2 class=\"has-text-align-center has-green-color has-text-color has-background\" style=\"background-color:#8ad1f0\">DIMANCHE 2 OCTOBRE 2022<\/h2>\n\n\n\n<p class=\"has-medium-font-size\"><strong>9h30-18h<\/strong>&nbsp;<\/p>\n\n\n\n<p class=\"has-medium-font-size\"><strong>March\u00e9 de producteurs et productrices &#8211; Place de la Mairie<\/strong>&nbsp;<\/p>\n\n\n\n<p><em>Retrouvez prochainement le d\u00e9tail avec les producteurs.trices pr\u00e9sent.e.s&nbsp;sur <\/em><a href=\"http:\/\/www.facebook.com\/tvbmouthiers\"><em>www.facebook.com\/tvbmouthiers<\/em><\/a><\/p>\n\n\n\n<p><strong>ERRATUM&nbsp;<\/strong><strong>9h30-12h30<\/strong>&nbsp;<strong>Chantier participatif \u00ab\u00a0Construction d&rsquo;un muret en pierres s\u00e8ches\u00a0\u00bb<\/strong> &#8211; En continu toute la matin\u00e9e &#8211; Passez 1h ou 3h !<\/p>\n\n\n\n<p>Marie-Odile et Dominique LUCAS vous accueillent sur leur ferme pour ce chantier organis\u00e9 par la LPO. Ces agriculteurs soucieux de pr\u00e9server la biodiversit\u00e9 sur leur exploitation pr\u00e9voient d&rsquo;y installer divers am\u00e9nagements favorables \u00e0 la faune et \u00e7a commence avec la construction d&rsquo;un muret en pierres s\u00e8ches ! Venez apprendre cette technique ancestrale qui permet d&rsquo;abriter reptiles et petits mammif\u00e8res !<\/p>\n\n\n\n<p>RDV \u00e0 10h directement au d\u00e9part de la balade&nbsp;qui aura lieu <a href=\"https:\/\/www.google.com\/maps\/place\/Le+Joufferoux,+16250+Voulg%C3%A9zac\/@45.5372365,0.152664,2089m\/data=!3m2!1e3!4b1!4m5!3m4!1s0x47ffcdf62eb0ab75:0xd584ee6e7ed7756e!8m2!3d45.537237!4d0.152664\"><u><strong>ICI<\/strong><\/u>&nbsp;<\/a>: Le&nbsp;Joufferoux \u00e0&nbsp;Voulg\u00e9zac &#8211;&nbsp;ou RDV \u00e0 9h15 au stand Accueil du festival pour un transfert en navette.<\/p>\n\n\n\n<p><em>Pr\u00e9voir des chaussures ferm\u00e9es et des gants de jardinage si vous en avez.<\/em><\/p>\n\n\n\n<div class=\"wp-block-image\"><figure class=\"aligncenter size-large is-resized\"><a href=\"https:\/\/www.mouthiers-sur-boeme.fr\/wp-content\/uploads\/2022\/09\/LPO-1.png\"><img loading=\"lazy\" src=\"https:\/\/www.mouthiers-sur-boeme.fr\/wp-content\/uploads\/2022\/09\/LPO-1.png\" alt=\"\" class=\"wp-image-9372\" width=\"168\" height=\"56\" srcset=\"https:\/\/www.mouthiers-sur-boeme.fr\/wp-content\/uploads\/2022\/09\/LPO-1.png 531w, https:\/\/www.mouthiers-sur-boeme.fr\/wp-content\/uploads\/2022\/09\/LPO-1-300x101.png 300w\" sizes=\"(max-width: 168px) 100vw, 168px\" \/><\/a><\/figure><\/div>\n\n\n\n<p class=\"has-medium-font-size\"><strong>10h&nbsp;<\/strong><\/p>\n\n\n\n<p class=\"has-text-align-center has-medium-font-size\"><strong>Conf\u00e9rence \u00ab\u00a0Le bon et le bien manger\u00a0\u00bb<\/strong><\/p>\n\n\n\n<p>No\u00eblle&nbsp;JOUVIN-DESROZIERS, Asal\u00e9e et La Couronne &#8211; <strong>Sous le&nbsp;Grand tivoli au chevet de l\u2019\u00e9glise<\/strong><\/p>\n\n\n\n<p>No\u00eblle JOUVIN-DESROZIERS, nutritionniste avec une formation de di\u00e9t\u00e9ticienne et responsable&nbsp;du&nbsp;restaurant scolaire de l\u2019\u00e9cole de&nbsp;Mouthiers&nbsp;vient vous pr\u00e9senter sa recette du mangez bon, mangez bien, mangez sain. Le 1er volet abordera les aspects Environnementaux, \u00e9conomiques et sociaux, ainsi qu&rsquo;une partie Sant\u00e9 avec les infirmi\u00e8res ASALEE. Et le 2\u00e8me volet concernera l&rsquo;application concr\u00e8te dans les \u00e9coles, avec la pr\u00e9sence du restaurant scolaire de la Couronne.<\/p>\n\n\n\n<p class=\"has-medium-font-size\"><strong>11h-12h30&nbsp;<\/strong><\/p>\n\n\n\n<p class=\"has-text-align-center has-medium-font-size\"><strong>Film de Pauline COTTAZ \u00ab\u00a0L&rsquo;\u00e9cho du Grand Rhinolophe\u00a0\u00bb&nbsp;<\/strong><\/p>\n\n\n\n<p>Suivi d&rsquo;un \u00e9change avec Anthony LE NOZAHIC, chiropt\u00e9rologue au sein de l&rsquo;association Charente Nature<\/p>\n\n\n\n<p><strong>Salle Gilles PLOQUIN<\/strong> &#8211; navette possible avec RDV au stand Accueil \u00e0 10h45<\/p>\n\n\n\n<p>Depuis 2015, un programme de conservation in\u00e9dit par son ampleur a \u00e9t\u00e9 mis en place \u00e0 l&rsquo;\u00e9chelle de la Nouvelle-Aquitaine et au-del\u00e0. Il associe scientifiques, naturalistes et de nombreux b\u00e9n\u00e9voles autour d\u2019une esp\u00e8ce embl\u00e9matique&nbsp;des milieux bocagers&nbsp;: le Grand Rhinolophe. Une si petite esp\u00e8ce de chauve-souris qui soul\u00e8ve un grand nombre de questions&#8230;<\/p>\n\n\n\n<p><em>Productions : Poitou-Charentes Nature \u2013 France \u2013 30 Minutes \u2013 2019<\/em><\/p>\n\n\n\n<div class=\"wp-block-image\"><figure class=\"aligncenter size-large is-resized\"><a href=\"https:\/\/www.mouthiers-sur-boeme.fr\/wp-content\/uploads\/2022\/09\/Charente-nature-1.png\"><img loading=\"lazy\" src=\"https:\/\/www.mouthiers-sur-boeme.fr\/wp-content\/uploads\/2022\/09\/Charente-nature-1.png\" alt=\"\" class=\"wp-image-9373\" width=\"103\" height=\"97\"\/><\/a><\/figure><\/div>\n\n\n\n<p class=\"has-medium-font-size\"><strong>14h-15h30<\/strong><\/p>\n\n\n\n<p class=\"has-text-align-center has-medium-font-size\">&nbsp;<strong>Balade digestive \u00ab\u00a0\u00e0 la d\u00e9couverte des plantes sauvages comestibles\u00a0\u00bb&nbsp;<\/strong><\/p>\n\n\n\n<p>Anim\u00e9e par Lucie ROGER, herboriste &#8211; sortie limit\u00e9e \u00e0 15 personnes sur inscriptions au 07 50 29 59 68 \u2013 RDV au stand Accueil pour le d\u00e9part.<\/p>\n\n\n\n<p>Balade de reconnaissance des plantes, suivie d&rsquo;un atelier de transformation : rem\u00e8de hivernal et tisanes.&nbsp;<\/p>\n\n\n\n<p><em>lucie.roger@protonmail.com<\/em><\/p>\n\n\n\n<p><strong>14h&nbsp;Inven&rsquo;terre participatif&nbsp; \u00ab\u00a0Recensez les esp\u00e8ces pr\u00e8s de chez vous\u00a0\u00bb<\/strong><\/p>\n\n\n\n<p>Anim\u00e9 par Ma\u00eflys DEWILDE (charg\u00e9e de mission biodiversit\u00e9 au Grand Angoul\u00eame) et Julien CHABANNE (guide conf\u00e9rencier au service du Pays d&rsquo;Arts et d&rsquo;Histoire) &#8211; RDV au stand Accueil du festival \u00e0&nbsp;14h&nbsp;<\/p>\n\n\n\n<p>Devenez contributeurs.trices de la r\u00e9alisation d&rsquo;inventaires des animaux et des v\u00e9g\u00e9taux. 3 protocoles&nbsp;vous seront propos\u00e9s&nbsp;: \u00ab\u00a0<em>Sauvage de ma rue<\/em>\u00a0\u00bb : une observation des plantes qui poussent spontan\u00e9ment, \u00ab\u00a0<em>SPIPOLL<\/em>\u00a0\u00bb observation photographique des pollinisateurs et \u00ab\u00a0<em>Oiseaux des jardins<\/em>\u00a0\u00bb : comptage des oiseaux.&nbsp;<\/p>\n\n\n\n<p><a href=\"http:\/\/www.angouleme.fr\/developpement-durable\/biodiversite\/\">www.angouleme.fr\/developpement-durable\/biodiversite\/<\/a> <\/p>\n\n\n\n<div class=\"wp-block-image\"><figure class=\"aligncenter size-large is-resized\"><a href=\"https:\/\/www.mouthiers-sur-boeme.fr\/wp-content\/uploads\/2022\/09\/grand-angouleme.jpg\"><img loading=\"lazy\" src=\"https:\/\/www.mouthiers-sur-boeme.fr\/wp-content\/uploads\/2022\/09\/grand-angouleme.jpg\" alt=\"\" class=\"wp-image-9374\" width=\"108\" height=\"86\"\/><\/a><\/figure><\/div>\n\n\n\n<p class=\"has-medium-font-size\"><strong>14h-15h30  <\/strong><\/p>\n\n\n\n<p class=\"has-text-align-center has-medium-font-size\"><strong>Table ronde \u00ab\u00a0La donn\u00e9e au service de la transition agro-\u00e9cologique\u00a0\u00bb<\/strong><\/p>\n\n\n\n<p>Anim\u00e9e par TADATUM et plusieurs partenaires &#8211;&nbsp;<strong>Grand tivoli au chevet de l\u2019Eglise<\/strong><\/p>\n\n\n\n<p>\u00ab&nbsp;Donn\u00e9e agricole &amp; acteurs locaux : le pari de l\u2019intelligence collective, de l&rsquo;\u00e9ducation populaire et de la citoyennet\u00e9 pour r\u00e9ussir la transition agro-\u00e9cologique&nbsp;\u00bb<\/p>\n\n\n\n<p>Si tout comme nous, vous \u00eates convaincu.e.s que les solutions aux enjeux globaux auxquels nous faisons face se trouvent dans la multiplicit\u00e9 des projets locaux, vous pourriez \u00eatre int\u00e9ress\u00e9.e par la d\u00e9marche que m\u00e8nent la LPO, Tadatum et les Compagnons du v\u00e9g\u00e9tal. L\u2019objectif est de mettre au service des acteurs.trices du territoire, une donn\u00e9e structur\u00e9e, contextuelle et accessible sur la th\u00e9matique de l&rsquo;agro-\u00e9cologie.&nbsp;<\/p>\n\n\n\n<div class=\"wp-block-image\"><figure class=\"aligncenter size-large is-resized\"><a href=\"https:\/\/www.mouthiers-sur-boeme.fr\/wp-content\/uploads\/2022\/09\/tadatum.png\"><img loading=\"lazy\" src=\"https:\/\/www.mouthiers-sur-boeme.fr\/wp-content\/uploads\/2022\/09\/tadatum.png\" alt=\"\" class=\"wp-image-9375\" width=\"142\" height=\"96\"\/><\/a><\/figure><\/div>\n\n\n\n<p class=\"has-medium-font-size\"><strong>15h45-17h15<\/strong>&nbsp;<\/p>\n\n\n\n<p class=\"has-text-align-center has-medium-font-size\"><strong>Conf\u00e9rence \u00ab\u00a0La r\u00e9silience alimentaire\u00a0\u00bb<\/strong><\/p>\n\n\n\n<p>Les Greniers d&rsquo;abondance &#8211; <strong>Salle Gilles PLOQUIN<\/strong> &#8211; navette possible avec RDV au stand Accueil \u00e0 15h30<\/p>\n\n\n\n<p>\u00ab&nbsp;Les Greniers d\u2019Abondance&nbsp;\u00bb est une association compos\u00e9e de chercheurs.es, d\u2019acteurs.ices locaux.ales, de collectivit\u00e9s, d\u2019\u00e9tudiant.e.s et de toutes personnes pr\u00eates \u00e0 agir face dangers auxquels nous faisons face aujourd\u2019hui, et pour des d\u00e9cennies : d\u00e9r\u00e8glements climatiques, baisse de la qualit\u00e9 et de la disponibilit\u00e9 des sols agricoles et des ressources fossiles faciles, disparition des agriculteurs, chute de la biodiversit\u00e9, p\u00e9nuries alimentaires et troubles socio-\u00e9conomiques.<\/p>\n\n\n\n<p>La conf\u00e9rence vise \u00e0 reprendre l\u2019ensemble des menaces qui p\u00e8sent sur le syst\u00e8me agri-alimentaire, mais elle vise surtout \u00e0 apporter des id\u00e9es, de l\u2019espoir et des envies d\u2019agir \u00e0 celles et ceux qui voudraient, de fa\u00e7on libre, coop\u00e9rative et consciente, agir \u00e0 leur \u00e9chelle, en particulier celle de leur territoire.<\/p>\n\n\n\n<p><a href=\"https:\/\/resiliencealimentaire.org\/\">resiliencealimentaire.or<\/a>g<\/p>\n\n\n\n<div class=\"wp-block-image\"><figure class=\"aligncenter size-large is-resized\"><a href=\"https:\/\/www.mouthiers-sur-boeme.fr\/wp-content\/uploads\/2022\/09\/les-greniers-dabondance.jpg\"><img loading=\"lazy\" src=\"https:\/\/www.mouthiers-sur-boeme.fr\/wp-content\/uploads\/2022\/09\/les-greniers-dabondance.jpg\" alt=\"\" class=\"wp-image-9376\" width=\"210\" height=\"84\" srcset=\"https:\/\/www.mouthiers-sur-boeme.fr\/wp-content\/uploads\/2022\/09\/les-greniers-dabondance.jpg 383w, https:\/\/www.mouthiers-sur-boeme.fr\/wp-content\/uploads\/2022\/09\/les-greniers-dabondance-300x120.jpg 300w\" sizes=\"(max-width: 210px) 100vw, 210px\" \/><\/a><\/figure><\/div>\n\n\n\n<p class=\"has-text-color has-medium-font-size\" style=\"color:#f4080c\"><em><u>Erratum: la repr\u00e9sentation de Zamana aura lieu \u00e0 15H45 au lieu de 19h15<\/u><\/em><\/p>\n\n\n\n<p>Concert de la chorale Zamana \u2013 Bourg de Mouthiers &#8211; Participation libre<\/p>\n\n\n\n<p>Ch\u0153ur de musiques du Monde<\/p>\n\n\n\n<p class=\"has-medium-font-size\"><strong>17h30-19h&nbsp;<\/strong><\/p>\n\n\n\n<p class=\"has-text-align-center has-medium-font-size\"><strong>Film de&nbsp;Romain BAUDRY&nbsp;\u00ab\u00a0Une ferme sur sol vivant\u00a0\u00bb<\/strong><\/p>\n\n\n\n<p>Projection et d\u00e9bat avec La Ferme de Cagnolle et Christian MARIN de l&rsquo;APAD &#8211; <strong>Salle Gilles PLOQUIN<\/strong> &#8211; navette possible avec RDV au stand Accueil \u00e0 17h15.<\/p>\n\n\n\n<p>Ce film retrace la recherche de solutions pour faire pousser ses l\u00e9gumes dans une d\u00e9marche \u00e9cologique en int\u00e9grant les principes du maraichage sur sol vivant. Un documentaire d&rsquo;une cinquantaine de minutes,&nbsp;tourn\u00e9 sur 3 ans, qui a attir\u00e9 d\u00e9j\u00e0 plus de 118 000 curieux.<\/p>\n\n\n\n<p><a href=\"https:\/\/fermedecagnolle.fr\/\"><u>fermedecagnolle.fr\/<\/u><\/a>&nbsp; <a href=\"https:\/\/www.youtube.com\/watch?v=YDxCyLJM24k\"><u>www.youtube.com\/watch?v=YDxCyLJM24k<\/u><\/a><\/p>\n\n\n\n<div class=\"wp-block-image\"><figure class=\"aligncenter size-large is-resized\"><a href=\"https:\/\/www.mouthiers-sur-boeme.fr\/wp-content\/uploads\/2022\/09\/Ferme-de-cagnolle.png\"><img loading=\"lazy\" src=\"https:\/\/www.mouthiers-sur-boeme.fr\/wp-content\/uploads\/2022\/09\/Ferme-de-cagnolle.png\" alt=\"\" class=\"wp-image-9377\" width=\"169\" height=\"125\"\/><\/a><\/figure><\/div>\n\n\n\n<p><strong>En Continu sur le weekend&nbsp;:<\/strong><\/p>\n\n\n\n<p>Village des partenaires de l\u2019Agriculture et de l\u2019Alimentation<\/p>\n\n\n\n<p>Agrimur, des mots pour nos agriculteurs.trices<\/p>\n\n\n\n<p>Parcours des 5 sens pour les enfants<\/p>\n\n\n\n<div class=\"wp-block-image\"><figure class=\"alignright size-large is-resized\"><a href=\"https:\/\/www.mouthiers-sur-boeme.fr\/wp-content\/uploads\/2022\/09\/mendes-frace.jpg\"><img loading=\"lazy\" src=\"https:\/\/www.mouthiers-sur-boeme.fr\/wp-content\/uploads\/2022\/09\/mendes-frace.jpg\" alt=\"\" class=\"wp-image-9379\" width=\"83\" height=\"102\"\/><\/a><\/figure><\/div>\n\n\n\n<p>Expositions du CAUE  et l\u2019Espace Mend\u00e8s France <\/p>\n\n\n\n<div class=\"wp-block-image\"><figure class=\"alignleft size-large is-resized\"><a href=\"https:\/\/www.mouthiers-sur-boeme.fr\/wp-content\/uploads\/2022\/09\/caue.png\"><img loading=\"lazy\" src=\"https:\/\/www.mouthiers-sur-boeme.fr\/wp-content\/uploads\/2022\/09\/caue.png\" alt=\"\" class=\"wp-image-9378\" width=\"145\" height=\"60\"\/><\/a><\/figure><\/div>\n\n\n\n<p><\/p>\n\n\n\n<p><\/p>\n\n\n\n<p>Mini-ferme  www.facebook.com\/yvonne.ferme <a href=\"https:\/\/lafermedyvonne.fr\/accueil\/\">lafermedyvonne.fr\/accueil\/<\/a><\/p>\n\n\n\n<p>L\u2019Ah Toupie \u2013 Jeux en bois <\/p>\n\n\n\n<p> <a href=\"https:\/\/ahtoupie.fr\/\">ahtoupie.fr\/<\/a> <a href=\"https:\/\/www.facebook.com\/ahtoupie\/\">www.facebook.com\/ahtoupie\/<\/a><\/p>\n\n\n\n<div class=\"wp-block-image\"><figure class=\"aligncenter size-large is-resized\"><a href=\"https:\/\/www.mouthiers-sur-boeme.fr\/wp-content\/uploads\/2022\/09\/lahtoupie.png\"><img loading=\"lazy\" src=\"https:\/\/www.mouthiers-sur-boeme.fr\/wp-content\/uploads\/2022\/09\/lahtoupie.png\" alt=\"\" class=\"wp-image-9380\" width=\"235\" height=\"76\" srcset=\"https:\/\/www.mouthiers-sur-boeme.fr\/wp-content\/uploads\/2022\/09\/lahtoupie.png 474w, https:\/\/www.mouthiers-sur-boeme.fr\/wp-content\/uploads\/2022\/09\/lahtoupie-300x97.png 300w\" sizes=\"(max-width: 235px) 100vw, 235px\" \/><\/a><\/figure><\/div>\n\n\n\n<p>Casino de la Graine  <a href=\"https:\/\/www.facebook.com\/jardinrespectueux\/\">www.facebook.com\/jardinrespectueux\/<\/a> <a href=\"http:\/\/lesjardinsrespectueux.fr\/\">lesjardinsrespectueux.fr\/<\/a><\/p>\n\n\n\n<div class=\"wp-block-image\"><figure class=\"aligncenter size-large is-resized\"><a href=\"https:\/\/www.mouthiers-sur-boeme.fr\/wp-content\/uploads\/2022\/09\/jardins-respectueux.jpg\"><img loading=\"lazy\" src=\"https:\/\/www.mouthiers-sur-boeme.fr\/wp-content\/uploads\/2022\/09\/jardins-respectueux.jpg\" alt=\"\" class=\"wp-image-9381\" width=\"113\" height=\"113\" srcset=\"https:\/\/www.mouthiers-sur-boeme.fr\/wp-content\/uploads\/2022\/09\/jardins-respectueux.jpg 177w, https:\/\/www.mouthiers-sur-boeme.fr\/wp-content\/uploads\/2022\/09\/jardins-respectueux-150x150.jpg 150w\" sizes=\"(max-width: 113px) 100vw, 113px\" \/><\/a><\/figure><\/div>\n\n\n\n<p>Escape game v\u00e9g\u00e9tal (inscriptions \u00e0 l\u2019accueil)  &nbsp; &nbsp;&nbsp;&nbsp;&nbsp; <a href=\"http:\/\/www.facebook.com\/lescompagnonsduvegetal%20\/\">www.facebook.com\/lescompagnonsduvegetal \/<\/a><\/p>\n\n\n\n<div class=\"wp-block-image\"><figure class=\"aligncenter size-large is-resized\"><a href=\"https:\/\/www.mouthiers-sur-boeme.fr\/wp-content\/uploads\/2022\/09\/image-Compagnons-du-vegetal-2.png\"><img loading=\"lazy\" src=\"https:\/\/www.mouthiers-sur-boeme.fr\/wp-content\/uploads\/2022\/09\/image-Compagnons-du-vegetal-2.png\" alt=\"\" class=\"wp-image-9382\" width=\"91\" height=\"91\" srcset=\"https:\/\/www.mouthiers-sur-boeme.fr\/wp-content\/uploads\/2022\/09\/image-Compagnons-du-vegetal-2.png 173w, https:\/\/www.mouthiers-sur-boeme.fr\/wp-content\/uploads\/2022\/09\/image-Compagnons-du-vegetal-2-150x150.png 150w\" sizes=\"(max-width: 91px) 100vw, 91px\" \/><\/a><\/figure><\/div>\n\n\n\n<p>G\u00e9ocatching<\/p>\n\n\n\n<p>Stand Low Tech<\/p>\n\n\n\n<p><strong>Buvette et Restauration (foods trucs \u00ab&nbsp;Le Boucanier&nbsp;\u00bb, \u00ab&nbsp;Pascaline&nbsp;\u00bb, \u00ab&nbsp;Ma Ferme&nbsp;\u00bb)<\/strong><\/p>\n\n\n\n<div class=\"wp-block-image\"><figure class=\"alignleft size-large is-resized\"><a href=\"https:\/\/www.mouthiers-sur-boeme.fr\/wp-content\/uploads\/2022\/09\/pascaline.jpg\"><img loading=\"lazy\" src=\"https:\/\/www.mouthiers-sur-boeme.fr\/wp-content\/uploads\/2022\/09\/pascaline.jpg\" alt=\"\" class=\"wp-image-9383\" width=\"141\" height=\"141\" srcset=\"https:\/\/www.mouthiers-sur-boeme.fr\/wp-content\/uploads\/2022\/09\/pascaline.jpg 178w, https:\/\/www.mouthiers-sur-boeme.fr\/wp-content\/uploads\/2022\/09\/pascaline-150x150.jpg 150w\" sizes=\"(max-width: 141px) 100vw, 141px\" \/><\/a><\/figure><\/div>\n\n\n\n<div class=\"wp-block-image\"><figure class=\"alignright size-large is-resized\"><a href=\"https:\/\/www.mouthiers-sur-boeme.fr\/wp-content\/uploads\/2022\/09\/ma-ferme.jpg\"><img loading=\"lazy\" src=\"https:\/\/www.mouthiers-sur-boeme.fr\/wp-content\/uploads\/2022\/09\/ma-ferme.jpg\" alt=\"\" class=\"wp-image-9384\" width=\"123\" height=\"138\"\/><\/a><\/figure><\/div>\n\n\n\n<div class=\"wp-block-image\"><figure class=\"aligncenter size-large is-resized\"><a href=\"https:\/\/www.mouthiers-sur-boeme.fr\/wp-content\/uploads\/2022\/09\/le-boucanier.png\"><img loading=\"lazy\" src=\"https:\/\/www.mouthiers-sur-boeme.fr\/wp-content\/uploads\/2022\/09\/le-boucanier.png\" alt=\"\" class=\"wp-image-9385\" width=\"149\" height=\"146\"\/><\/a><\/figure><\/div>\n\n\n\n<p><\/p>\n","protected":false},"excerpt":{"rendered":"<p>VENDREDI 30 SEPTEMBRE 2022 14h-16h Conf\u00e9rence \u00ab\u00a0L&rsquo;Agroforesterie pour produire, prot\u00e9ger et pr\u00e9venir : le champ des possibles\u00a0\u00bb Alain CANET agronome, directeur d&rsquo;Arbres et Paysages 32 et sp\u00e9cialiste de l&rsquo;agriculture du carbone Lyc\u00e9e L&rsquo;Oisellerie de la Couronne https:\/\/ap32.fr https:\/\/cna-agroecologie.fr www.facebook.com\/alain.canet.5895 18h-19h30 Inauguration du festival et pique-nique tir\u00e9 du sac Club house foot &#8211; Stade de Mouthiers &hellip; <a href=\"https:\/\/www.mouthiers-sur-boeme.fr\/?p=9332\" class=\"more-link\">Continuer la lecture de <span class=\"screen-reader-text\">DU 30 SEPTEMBRE AU 2 OCTOBRE : programme<\/span>  <span class=\"meta-nav\">&rarr;<\/span><\/a><\/p>\n","protected":false},"author":22,"featured_media":8935,"comment_status":"open","ping_status":"open","sticky":false,"template":"","format":"standard","meta":[],"categories":[4,76],"tags":[],"_links":{"self":[{"href":"https:\/\/www.mouthiers-sur-boeme.fr\/index.php?rest_route=\/wp\/v2\/posts\/9332"}],"collection":[{"href":"https:\/\/www.mouthiers-sur-boeme.fr\/index.php?rest_route=\/wp\/v2\/posts"}],"about":[{"href":"https:\/\/www.mouthiers-sur-boeme.fr\/index.php?rest_route=\/wp\/v2\/types\/post"}],"author":[{"embeddable":true,"href":"https:\/\/www.mouthiers-sur-boeme.fr\/index.php?rest_route=\/wp\/v2\/users\/22"}],"replies":[{"embeddable":true,"href":"https:\/\/www.mouthiers-sur-boeme.fr\/index.php?rest_route=%2Fwp%2Fv2%2Fcomments&post=9332"}],"version-history":[{"count":11,"href":"https:\/\/www.mouthiers-sur-boeme.fr\/index.php?rest_route=\/wp\/v2\/posts\/9332\/revisions"}],"predecessor-version":[{"id":9428,"href":"https:\/\/www.mouthiers-sur-boeme.fr\/index.php?rest_route=\/wp\/v2\/posts\/9332\/revisions\/9428"}],"wp:featuredmedia":[{"embeddable":true,"href":"https:\/\/www.mouthiers-sur-boeme.fr\/index.php?rest_route=\/wp\/v2\/media\/8935"}],"wp:attachment":[{"href":"https:\/\/www.mouthiers-sur-boeme.fr\/index.php?rest_route=%2Fwp%2Fv2%2Fmedia&parent=9332"}],"wp:term":[{"taxonomy":"category","embeddable":true,"href":"https:\/\/www.mouthiers-sur-boeme.fr\/index.php?rest_route=%2Fwp%2Fv2%2Fcategories&post=9332"},{"taxonomy":"post_tag","embeddable":true,"href":"https:\/\/www.mouthiers-sur-boeme.fr\/index.php?rest_route=%2Fwp%2Fv2%2Ftags&post=9332"}],"curies":[{"name":"wp","href":"https:\/\/api.w.org\/{rel}","templated":true}]}}