{"id":9394,"date":"2022-09-29T08:22:44","date_gmt":"2022-09-29T07:22:44","guid":{"rendered":"https:\/\/www.mouthiers-sur-boeme.fr\/?p=9394"},"modified":"2022-10-23T09:15:45","modified_gmt":"2022-10-23T08:15:45","slug":"jeudi-29-septembre-20h30","status":"publish","type":"post","link":"https:\/\/www.mouthiers-sur-boeme.fr\/?p=9394","title":{"rendered":"JEUDI 29 SEPTEMBRE 20H30 et jeudi 13 octobre"},"content":{"rendered":"\n<h1>En roue libre<\/h1>\n\n\n\n<p>De <strong>Didier Barcelo<\/strong><br>Avec <strong>Marina Fo\u00efs, Benjamin Voisin, Jean-Charles Clichet<\/strong><br>Genre <em>Com\u00e9die<br>Nationalit\u00e9 <strong>France<\/strong><br>Dur\u00e9e <strong>1h 29<\/strong><\/em><\/p>\n\n\n\n<hr class=\"wp-block-separator\"\/>\n\n\n\n<p>La folle histoire de Louise qui se retrouve un beau matin, prise au pi\u00e8ge dans sa propre voiture, terrass\u00e9e par une attaque de panique d\u00e8s qu\u2019elle veut en sortir, et de Paul qui vole la voiture et du coup la kidnappe. Les voil\u00e0 tous les deux embarqu\u00e9s dans un road-movie mouvement\u00e9&nbsp;!<\/p>\n\n\n\n<p><a rel=\"noreferrer noopener\" href=\"https:\/\/www.crcatb.fr\/films-cinema-charente-crcatb\/article\/en-roue-libre\" target=\"_blank\">BANDE ANNONCE <\/a><\/p>\n\n\n\n<div class=\"wp-block-image\"><figure class=\"aligncenter size-large\"><a href=\"https:\/\/www.mouthiers-sur-boeme.fr\/wp-content\/uploads\/2022\/09\/EN-ROUE-LIBRE-AFFICHE2379206.jpg\"><img src=\"https:\/\/www.mouthiers-sur-boeme.fr\/wp-content\/uploads\/2022\/09\/EN-ROUE-LIBRE-AFFICHE2379206.jpg\" alt=\"\" class=\"wp-image-9396\"\/><\/a><\/figure><\/div>\n\n\n\n<h2 class=\"has-text-align-center has-text-color\" style=\"color:#e90329\">\u00c0 venir, dans votre salle pr\u00e9f\u00e9r\u00e9e, le jeudi 13 octobre :<\/h2>\n\n\n\n<h1>Les Vieux fourneaux 2&nbsp;: bons pour l\u2019asile<\/h1>\n\n\n\n<p>De <strong>Christophe Duthuron<\/strong><br>Avec <strong>Pierre Richard, Eddy Mitchell, Bernard Le Coq<\/strong><br>Genre <strong>Com\u00e9die<\/strong><br>Nationalit\u00e9 <strong>France<\/strong><br>Dur\u00e9e <strong>1h 38<\/strong><\/p>\n\n\n\n<hr class=\"wp-block-separator\"\/>\n\n\n\n<p>Pour venir en aide \u00e0 des migrants qu\u2019il cachait \u00e0 Paris, Pierrot les conduit dans le Sud- Ouest chez Antoine qui lui-m\u00eame accueille d\u00e9j\u00e0 Mimile, en pleine reconqu\u00eate amoureuse de Berthe. S\u2019attendant \u00e0 trouver \u00e0 la campagne calme et volupt\u00e9, les six r\u00e9fugi\u00e9s gouteront surtout \u00e0 la l\u00e9gendaire hospitalit\u00e9 d\u2019un village fran\u00e7ais. L\u2019occasion r\u00eav\u00e9e de secouer les peurs et les pr\u00e9jug\u00e9s pour Sophie et nos trois Vieux Fourneaux, promus consultants inattendus d\u2019une campagne \u00e9lectorale que Larquebuse, le maire de Montcoeur n\u2019est pas pr\u00eat d\u2019oublier.<\/p>\n","protected":false},"excerpt":{"rendered":"<p>En roue libre De Didier BarceloAvec Marina Fo\u00efs, Benjamin Voisin, Jean-Charles ClichetGenre Com\u00e9dieNationalit\u00e9 FranceDur\u00e9e 1h 29 La folle histoire de Louise qui se retrouve un beau matin, prise au pi\u00e8ge dans sa propre voiture, terrass\u00e9e par une attaque de panique d\u00e8s qu\u2019elle veut en sortir, et de Paul qui vole la voiture et du coup &hellip; <a href=\"https:\/\/www.mouthiers-sur-boeme.fr\/?p=9394\" class=\"more-link\">Continuer la lecture de <span class=\"screen-reader-text\">JEUDI 29 SEPTEMBRE 20H30 et jeudi 13 octobre<\/span>  <span class=\"meta-nav\">&rarr;<\/span><\/a><\/p>\n","protected":false},"author":22,"featured_media":9395,"comment_status":"open","ping_status":"open","sticky":false,"template":"","format":"standard","meta":[],"categories":[65,71],"tags":[],"_links":{"self":[{"href":"https:\/\/www.mouthiers-sur-boeme.fr\/index.php?rest_route=\/wp\/v2\/posts\/9394"}],"collection":[{"href":"https:\/\/www.mouthiers-sur-boeme.fr\/index.php?rest_route=\/wp\/v2\/posts"}],"about":[{"href":"https:\/\/www.mouthiers-sur-boeme.fr\/index.php?rest_route=\/wp\/v2\/types\/post"}],"author":[{"embeddable":true,"href":"https:\/\/www.mouthiers-sur-boeme.fr\/index.php?rest_route=\/wp\/v2\/users\/22"}],"replies":[{"embeddable":true,"href":"https:\/\/www.mouthiers-sur-boeme.fr\/index.php?rest_route=%2Fwp%2Fv2%2Fcomments&post=9394"}],"version-history":[{"count":3,"href":"https:\/\/www.mouthiers-sur-boeme.fr\/index.php?rest_route=\/wp\/v2\/posts\/9394\/revisions"}],"predecessor-version":[{"id":9408,"href":"https:\/\/www.mouthiers-sur-boeme.fr\/index.php?rest_route=\/wp\/v2\/posts\/9394\/revisions\/9408"}],"wp:featuredmedia":[{"embeddable":true,"href":"https:\/\/www.mouthiers-sur-boeme.fr\/index.php?rest_route=\/wp\/v2\/media\/9395"}],"wp:attachment":[{"href":"https:\/\/www.mouthiers-sur-boeme.fr\/index.php?rest_route=%2Fwp%2Fv2%2Fmedia&parent=9394"}],"wp:term":[{"taxonomy":"category","embeddable":true,"href":"https:\/\/www.mouthiers-sur-boeme.fr\/index.php?rest_route=%2Fwp%2Fv2%2Fcategories&post=9394"},{"taxonomy":"post_tag","embeddable":true,"href":"https:\/\/www.mouthiers-sur-boeme.fr\/index.php?rest_route=%2Fwp%2Fv2%2Ftags&post=9394"}],"curies":[{"name":"wp","href":"https:\/\/api.w.org\/{rel}","templated":true}]}}