{"id":9422,"date":"2022-10-23T09:23:04","date_gmt":"2022-10-23T08:23:04","guid":{"rendered":"https:\/\/www.mouthiers-sur-boeme.fr\/?p=9422"},"modified":"2022-12-07T17:56:08","modified_gmt":"2022-12-07T16:56:08","slug":"jeudi-24-novembre","status":"publish","type":"post","link":"https:\/\/www.mouthiers-sur-boeme.fr\/?p=9422","title":{"rendered":"jeudi 24 novembre"},"content":{"rendered":"\n<figure class=\"wp-block-image\"><img alt=\"\"\/><\/figure>\n\n\n\n<h1>La Nuit du 12<\/h1>\n\n\n\n<p>De <strong>Dominik Moll<\/strong><br>Avec <strong>Bastien Bouillon, Bouli Lanners, Anouk Grinberg<\/strong><br>Genre <strong>Thriller, Policier<\/strong><br>Nationalit\u00e9 <strong>France, Belgique<\/strong><br>Dur\u00e9e <strong>1h 54<\/strong><\/p>\n\n\n\n<hr class=\"wp-block-separator\"\/>\n\n\n\n<p>\u00c0 la PJ chaque enqu\u00eateur tombe un jour ou l\u2019autre sur un crime qu\u2019il n\u2019arrive pas \u00e0 r\u00e9soudre et qui le hante. Pour Yohan c\u2019est le meurtre de Clara. Les interrogatoires se succ\u00e8dent, les suspects ne manquent pas, et les doutes de Yohan ne cessent de grandir. Une seule chose est certaine, le crime a eu lieu la nuit du 12.<\/p>\n\n\n\n<p><a rel=\"noreferrer noopener\" href=\"https:\/\/www.crcatb.fr\/films-cinema-charente-crcatb\/article\/la-nuit-du-12\" data-type=\"URL\" data-id=\"https:\/\/www.crcatb.fr\/films-cinema-charente-crcatb\/article\/la-nuit-du-12\" target=\"_blank\">BANDE ANNONCE<\/a><\/p>\n\n\n\n<p class=\"has-text-align-center has-text-color\" style=\"color:#f90c14;font-size:25px\">\u00c0 VENIR DANS VOTRE SALLE PR\u00c9F\u00c9R\u00c9E :<\/p>\n\n\n\n<p class=\"has-text-align-center has-text-color has-medium-font-size\" style=\"color:#e3060d\"><strong>JEUDI 8 D\u00c9CEMBRE<\/strong><\/p>\n\n\n\n<h1>Les Enfants des autres<\/h1>\n\n\n\n<p>De <strong>Rebecca Zlotowski<\/strong><br>Avec <strong>Virginie Efira, Roschdy Zem, Chiara Mastroianni<\/strong><br>Genre <strong>Drame<\/strong><br>Nationalit\u00e9 <strong>France<\/strong><br>Dur\u00e9e <strong>1h 43<\/strong><\/p>\n\n\n\n<hr class=\"wp-block-separator\"\/>\n\n\n\n<p>Rachel a 40 ans, pas d\u2019enfant. Elle aime sa vie&nbsp;: ses \u00e9l\u00e8ves du lyc\u00e9e, ses amis, ses ex, ses cours de guitare. En tombant amoureuse d\u2019Ali, elle s\u2019attache \u00e0 Leila, sa fille de 4 ans. Elle la borde, la soigne, et l\u2019aime comme la sienne. Mais aimer les enfants des autres, c\u2019est un risque \u00e0 prendre\u2026<\/p>\n\n\n\n<p class=\"has-text-align-center has-text-color has-medium-font-size\" style=\"color:#e8091c\"><strong>JEUDI 22 D\u00c9CEMBRE<\/strong><\/p>\n\n\n\n<h1>La Page blanche<\/h1>\n\n\n\n<p>De <strong>Murielle Magellan<\/strong><br>Avec <strong>Sara Giraudeau, Pierre Deladonchamps, Gr\u00e9goire Ludig<\/strong><br>Genre <strong>Com\u00e9die, Romance<\/strong><br>Nationalit\u00e9 <strong>France<\/strong><br>Dur\u00e9e <strong>1h 40<\/strong><\/p>\n\n\n\n<hr class=\"wp-block-separator\"\/>\n\n\n\n<p>Elo\u00efse se retrouve assise seule sur un banc parisien. Qui est-elle&nbsp;? Que fait-elle l\u00e0&nbsp;? Elle ne se souvient de rien&nbsp;! Elle se lance alors dans une enqu\u00eate, pleine de surprises, pour d\u00e9couvrir qui elle est. Et si cette amn\u00e9sie lui permettait de trouver qui elle est, qui elle aime, et de r\u00e9inventer sa vie&nbsp;?<\/p>\n","protected":false},"excerpt":{"rendered":"<p>La Nuit du 12 De Dominik MollAvec Bastien Bouillon, Bouli Lanners, Anouk GrinbergGenre Thriller, PolicierNationalit\u00e9 France, BelgiqueDur\u00e9e 1h 54 \u00c0 la PJ chaque enqu\u00eateur tombe un jour ou l\u2019autre sur un crime qu\u2019il n\u2019arrive pas \u00e0 r\u00e9soudre et qui le hante. Pour Yohan c\u2019est le meurtre de Clara. Les interrogatoires se succ\u00e8dent, les suspects ne &hellip; <a href=\"https:\/\/www.mouthiers-sur-boeme.fr\/?p=9422\" class=\"more-link\">Continuer la lecture de <span class=\"screen-reader-text\">jeudi 24 novembre<\/span>  <span class=\"meta-nav\">&rarr;<\/span><\/a><\/p>\n","protected":false},"author":22,"featured_media":0,"comment_status":"open","ping_status":"open","sticky":false,"template":"","format":"standard","meta":[],"categories":[65,71],"tags":[],"_links":{"self":[{"href":"https:\/\/www.mouthiers-sur-boeme.fr\/index.php?rest_route=\/wp\/v2\/posts\/9422"}],"collection":[{"href":"https:\/\/www.mouthiers-sur-boeme.fr\/index.php?rest_route=\/wp\/v2\/posts"}],"about":[{"href":"https:\/\/www.mouthiers-sur-boeme.fr\/index.php?rest_route=\/wp\/v2\/types\/post"}],"author":[{"embeddable":true,"href":"https:\/\/www.mouthiers-sur-boeme.fr\/index.php?rest_route=\/wp\/v2\/users\/22"}],"replies":[{"embeddable":true,"href":"https:\/\/www.mouthiers-sur-boeme.fr\/index.php?rest_route=%2Fwp%2Fv2%2Fcomments&post=9422"}],"version-history":[{"count":4,"href":"https:\/\/www.mouthiers-sur-boeme.fr\/index.php?rest_route=\/wp\/v2\/posts\/9422\/revisions"}],"predecessor-version":[{"id":9467,"href":"https:\/\/www.mouthiers-sur-boeme.fr\/index.php?rest_route=\/wp\/v2\/posts\/9422\/revisions\/9467"}],"wp:attachment":[{"href":"https:\/\/www.mouthiers-sur-boeme.fr\/index.php?rest_route=%2Fwp%2Fv2%2Fmedia&parent=9422"}],"wp:term":[{"taxonomy":"category","embeddable":true,"href":"https:\/\/www.mouthiers-sur-boeme.fr\/index.php?rest_route=%2Fwp%2Fv2%2Fcategories&post=9422"},{"taxonomy":"post_tag","embeddable":true,"href":"https:\/\/www.mouthiers-sur-boeme.fr\/index.php?rest_route=%2Fwp%2Fv2%2Ftags&post=9422"}],"curies":[{"name":"wp","href":"https:\/\/api.w.org\/{rel}","templated":true}]}}