{"id":9453,"date":"2022-11-16T06:24:30","date_gmt":"2022-11-16T05:24:30","guid":{"rendered":"https:\/\/www.mouthiers-sur-boeme.fr\/?p=9453"},"modified":"2022-11-16T06:25:23","modified_gmt":"2022-11-16T05:25:23","slug":"mjc-samedi-19-novembre-20h","status":"publish","type":"post","link":"https:\/\/www.mouthiers-sur-boeme.fr\/?p=9453","title":{"rendered":"MJC samedi 19 novembre 20h"},"content":{"rendered":"\n<p>Th\u00e9\u00e2tre \u00ab\u00a0Je m&rsquo;appelle Jos\u00e9. Je suis rescap\u00e9 de Mauthausen. Voici mon histoire\u00a0\u00bb. Com\u00e9dien Didier Gesson. Musicien Yannick Astoul. Technicien Philippe Jourdy. Mise en sc\u00e8ne Ahmed Hassoun.Adaptation Myriam Hassoun.<\/p>\n\n\n\n<p>C&rsquo;est l&rsquo;histoire de Jos\u00e9 Alcubierre d\u00e9port\u00e9 depuis Angoul\u00eame vers le camp de concentration nazi de Mauthausen.<\/p>\n","protected":false},"excerpt":{"rendered":"<p>Th\u00e9\u00e2tre \u00ab\u00a0Je m&rsquo;appelle Jos\u00e9. Je suis rescap\u00e9 de Mauthausen. Voici mon histoire\u00a0\u00bb. Com\u00e9dien Didier Gesson. Musicien Yannick Astoul. Technicien Philippe Jourdy. Mise en sc\u00e8ne Ahmed Hassoun.Adaptation Myriam Hassoun. C&rsquo;est l&rsquo;histoire de Jos\u00e9 Alcubierre d\u00e9port\u00e9 depuis Angoul\u00eame vers le camp de concentration nazi de Mauthausen.<\/p>\n","protected":false},"author":22,"featured_media":0,"comment_status":"open","ping_status":"open","sticky":false,"template":"","format":"standard","meta":[],"categories":[71,1,86],"tags":[],"_links":{"self":[{"href":"https:\/\/www.mouthiers-sur-boeme.fr\/index.php?rest_route=\/wp\/v2\/posts\/9453"}],"collection":[{"href":"https:\/\/www.mouthiers-sur-boeme.fr\/index.php?rest_route=\/wp\/v2\/posts"}],"about":[{"href":"https:\/\/www.mouthiers-sur-boeme.fr\/index.php?rest_route=\/wp\/v2\/types\/post"}],"author":[{"embeddable":true,"href":"https:\/\/www.mouthiers-sur-boeme.fr\/index.php?rest_route=\/wp\/v2\/users\/22"}],"replies":[{"embeddable":true,"href":"https:\/\/www.mouthiers-sur-boeme.fr\/index.php?rest_route=%2Fwp%2Fv2%2Fcomments&post=9453"}],"version-history":[{"count":1,"href":"https:\/\/www.mouthiers-sur-boeme.fr\/index.php?rest_route=\/wp\/v2\/posts\/9453\/revisions"}],"predecessor-version":[{"id":9454,"href":"https:\/\/www.mouthiers-sur-boeme.fr\/index.php?rest_route=\/wp\/v2\/posts\/9453\/revisions\/9454"}],"wp:attachment":[{"href":"https:\/\/www.mouthiers-sur-boeme.fr\/index.php?rest_route=%2Fwp%2Fv2%2Fmedia&parent=9453"}],"wp:term":[{"taxonomy":"category","embeddable":true,"href":"https:\/\/www.mouthiers-sur-boeme.fr\/index.php?rest_route=%2Fwp%2Fv2%2Fcategories&post=9453"},{"taxonomy":"post_tag","embeddable":true,"href":"https:\/\/www.mouthiers-sur-boeme.fr\/index.php?rest_route=%2Fwp%2Fv2%2Ftags&post=9453"}],"curies":[{"name":"wp","href":"https:\/\/api.w.org\/{rel}","templated":true}]}}