{"id":9462,"date":"2022-11-27T09:55:25","date_gmt":"2022-11-27T08:55:25","guid":{"rendered":"https:\/\/www.mouthiers-sur-boeme.fr\/?p=9462"},"modified":"2022-12-10T08:23:08","modified_gmt":"2022-12-10T07:23:08","slug":"jeudi-8-decembre","status":"publish","type":"post","link":"https:\/\/www.mouthiers-sur-boeme.fr\/?p=9462","title":{"rendered":"Jeudi 8 d\u00e9cembre"},"content":{"rendered":"\n<h1>Les Enfants des autres<\/h1>\n\n\n\n<p>De <strong>Rebecca Zlotowski<\/strong><br>Avec <strong>Virginie Efira, Roschdy Zem, Chiara Mastroianni<\/strong><br>Genre <strong>Drame<\/strong><br>Nationalit\u00e9 <strong>France<\/strong><br>Dur\u00e9e <strong>1h 43<\/strong><\/p>\n\n\n\n<div class=\"wp-block-image\"><figure class=\"aligncenter is-resized\"><img loading=\"lazy\" src=\"https:\/\/encrypted-tbn0.gstatic.com\/images?q=tbn:ANd9GcSF2WcnFutmFxKnetzsHWtHb0ZSld2I7Mynk-0KSruV80GH883L18LQKU2sIRr1EnUjVIA&amp;usqp=CAU\" alt=\"https:\/\/encrypted-tbn0.gstatic.com\/images?q=tbn:ANd9GcSF2WcnFutmFxKnetzsHWtHb0ZSld2I7Mynk-0KSruV80GH883L18LQKU2sIRr1EnUjVIA&amp;usqp=CAU\" width=\"262\" height=\"326\"\/><\/figure><\/div>\n\n\n\n<hr class=\"wp-block-separator\"\/>\n\n\n\n<p>Rachel a 40 ans, pas d\u2019enfant. Elle aime sa vie&nbsp;: ses \u00e9l\u00e8ves du lyc\u00e9e, ses amis, ses ex, ses cours de guitare. En tombant amoureuse d\u2019Ali, elle s\u2019attache \u00e0 Leila, sa fille de 4 ans. Elle la borde, la soigne, et l\u2019aime comme la sienne. Mais aimer les enfants des autres, c\u2019est un risque \u00e0 prendre\u2026<\/p>\n\n\n\n<p><a rel=\"noreferrer noopener\" href=\"https:\/\/www.crcatb.fr\/films-cinema-charente-crcatb\/article\/les-enfants-des-autres\" target=\"_blank\">Bande annonce<\/a><\/p>\n\n\n\n<p class=\"has-text-align-center has-text-color\" style=\"color:#dc1912;font-size:24px\"><strong>\u00c0 VENIR DANS VOTRE SALLE PR\u00c9F\u00c9R\u00c9E<\/strong><\/p>\n\n\n\n<p class=\"has-text-align-center has-text-color has-medium-font-size\" style=\"color:#e8091c\"><strong>JEUDI 22 D\u00c9CEMBRE<\/strong><\/p>\n\n\n\n<h1>La Page blanche<\/h1>\n\n\n\n<p>De <strong>Murielle Magellan<\/strong><br>Avec <strong>Sara Giraudeau, Pierre Deladonchamps, Gr\u00e9goire Ludig<\/strong><br>Genre <strong>Com\u00e9die, Romance<\/strong><br>Nationalit\u00e9 <strong>France<\/strong><br>Dur\u00e9e <strong>1h 40<\/strong><\/p>\n\n\n\n<hr class=\"wp-block-separator\"\/>\n\n\n\n<p>Elo\u00efse se retrouve assise seule sur un banc parisien. Qui est-elle&nbsp;? Que fait-elle l\u00e0&nbsp;? Elle ne se souvient de rien&nbsp;! Elle se lance alors dans une enqu\u00eate, pleine de surprises, pour d\u00e9couvrir qui elle est. Et si cette amn\u00e9sie lui permettait de trouver qui elle est, qui elle aime, et de r\u00e9inventer sa vie&nbsp;?<\/p>\n","protected":false},"excerpt":{"rendered":"<p>Les Enfants des autres De Rebecca ZlotowskiAvec Virginie Efira, Roschdy Zem, Chiara MastroianniGenre DrameNationalit\u00e9 FranceDur\u00e9e 1h 43 Rachel a 40 ans, pas d\u2019enfant. Elle aime sa vie&nbsp;: ses \u00e9l\u00e8ves du lyc\u00e9e, ses amis, ses ex, ses cours de guitare. En tombant amoureuse d\u2019Ali, elle s\u2019attache \u00e0 Leila, sa fille de 4 ans. Elle la borde, &hellip; <a href=\"https:\/\/www.mouthiers-sur-boeme.fr\/?p=9462\" class=\"more-link\">Continuer la lecture de <span class=\"screen-reader-text\">Jeudi 8 d\u00e9cembre<\/span>  <span class=\"meta-nav\">&rarr;<\/span><\/a><\/p>\n","protected":false},"author":22,"featured_media":0,"comment_status":"open","ping_status":"open","sticky":false,"template":"","format":"standard","meta":[],"categories":[65,71],"tags":[],"_links":{"self":[{"href":"https:\/\/www.mouthiers-sur-boeme.fr\/index.php?rest_route=\/wp\/v2\/posts\/9462"}],"collection":[{"href":"https:\/\/www.mouthiers-sur-boeme.fr\/index.php?rest_route=\/wp\/v2\/posts"}],"about":[{"href":"https:\/\/www.mouthiers-sur-boeme.fr\/index.php?rest_route=\/wp\/v2\/types\/post"}],"author":[{"embeddable":true,"href":"https:\/\/www.mouthiers-sur-boeme.fr\/index.php?rest_route=\/wp\/v2\/users\/22"}],"replies":[{"embeddable":true,"href":"https:\/\/www.mouthiers-sur-boeme.fr\/index.php?rest_route=%2Fwp%2Fv2%2Fcomments&post=9462"}],"version-history":[{"count":2,"href":"https:\/\/www.mouthiers-sur-boeme.fr\/index.php?rest_route=\/wp\/v2\/posts\/9462\/revisions"}],"predecessor-version":[{"id":9466,"href":"https:\/\/www.mouthiers-sur-boeme.fr\/index.php?rest_route=\/wp\/v2\/posts\/9462\/revisions\/9466"}],"wp:attachment":[{"href":"https:\/\/www.mouthiers-sur-boeme.fr\/index.php?rest_route=%2Fwp%2Fv2%2Fmedia&parent=9462"}],"wp:term":[{"taxonomy":"category","embeddable":true,"href":"https:\/\/www.mouthiers-sur-boeme.fr\/index.php?rest_route=%2Fwp%2Fv2%2Fcategories&post=9462"},{"taxonomy":"post_tag","embeddable":true,"href":"https:\/\/www.mouthiers-sur-boeme.fr\/index.php?rest_route=%2Fwp%2Fv2%2Ftags&post=9462"}],"curies":[{"name":"wp","href":"https:\/\/api.w.org\/{rel}","templated":true}]}}