{"id":9475,"date":"2022-11-30T07:53:08","date_gmt":"2022-11-30T06:53:08","guid":{"rendered":"https:\/\/www.mouthiers-sur-boeme.fr\/?p=9475"},"modified":"2023-02-14T16:16:03","modified_gmt":"2023-02-14T15:16:03","slug":"semaine-solidaire","status":"publish","type":"post","link":"https:\/\/www.mouthiers-sur-boeme.fr\/?p=9475","title":{"rendered":"Semaine solidaire"},"content":{"rendered":"\n<p>Bonjour \u00e0 tous,<br>&#x1f4e2;&nbsp;Oy\u00e9 Oy\u00e9, les f\u00eates de fin d&rsquo;ann\u00e9e approchent \u00e0 grand pas !!!&nbsp;&nbsp;<br>Pour la deuxi\u00e8me ann\u00e9e cons\u00e9cutive, les b\u00e9n\u00e9voles du p\u00f4le social d&rsquo;Effervescentre organisent la Semaine Solidaire entre No\u00ebl et le 1er de l&rsquo;an.&nbsp;L&rsquo;occasion pour nous de proposer un spectacle suivi d&rsquo;un cocktail l&rsquo;apr\u00e8s-midi du 31 d\u00e9cembre ouvert \u00e0 tous et &#8230; Gratuit !!!&nbsp;&#x1f604;&nbsp;<br>Ce temps festif sera l&rsquo;occasion de cl\u00f4turer l&rsquo;ann\u00e9e 2022 joyeusement. Chacun d&rsquo;entre nous pourra repartir vivre son r\u00e9veillon de la Saint Sylvestre, comme il le souhaite, des \u00e9toiles pleins les yeux&nbsp;&#x1f4ab;<br>&#x1f4b0;&nbsp;Gratuit<\/p>\n\n\n\n<p>&#x1f4dd;&nbsp;Inscription Obligatoire au <a href=\"callto:05-45-67-84-38\">05-45-67-84-38<\/a> &#8211; Ticket d&rsquo;entr\u00e9e \u00e0 r\u00e9cup\u00e9rer \u00e0 Effervescentre, 3 route du Sergent Sourb\u00e9 16440 ROULLET<\/p>\n\n\n\n<p>&#x1f4cd;Salle Omnisport de Sireuil<\/p>\n\n\n\n<div class=\"wp-block-image\"><figure class=\"aligncenter size-large\"><a href=\"https:\/\/www.mouthiers-sur-boeme.fr\/wp-content\/uploads\/2022\/11\/AFff4_Sem-RevSolidaire22_v1.jpg\"><img loading=\"lazy\" width=\"724\" height=\"1024\" src=\"https:\/\/www.mouthiers-sur-boeme.fr\/wp-content\/uploads\/2022\/11\/AFff4_Sem-RevSolidaire22_v1-724x1024.jpg\" alt=\"\" class=\"wp-image-9476\" srcset=\"https:\/\/www.mouthiers-sur-boeme.fr\/wp-content\/uploads\/2022\/11\/AFff4_Sem-RevSolidaire22_v1-724x1024.jpg 724w, https:\/\/www.mouthiers-sur-boeme.fr\/wp-content\/uploads\/2022\/11\/AFff4_Sem-RevSolidaire22_v1-212x300.jpg 212w, https:\/\/www.mouthiers-sur-boeme.fr\/wp-content\/uploads\/2022\/11\/AFff4_Sem-RevSolidaire22_v1-768x1086.jpg 768w, https:\/\/www.mouthiers-sur-boeme.fr\/wp-content\/uploads\/2022\/11\/AFff4_Sem-RevSolidaire22_v1-1086x1536.jpg 1086w, https:\/\/www.mouthiers-sur-boeme.fr\/wp-content\/uploads\/2022\/11\/AFff4_Sem-RevSolidaire22_v1.jpg 1273w\" sizes=\"(max-width: 724px) 100vw, 724px\" \/><\/a><\/figure><\/div>\n\n\n\n<figure class=\"wp-block-image\"><img src=\"https:\/\/ci3.googleusercontent.com\/mail-sig\/AIorK4zZ312XeV0hAUYx2Ry5NLmDx5YICxyOfAHL1uZNaObDIRkWwLphR48S8oLZHZQM3UAPdAduzmg\" alt=\"https:\/\/ci3.googleusercontent.com\/mail-sig\/AIorK4zZ312XeV0hAUYx2Ry5NLmDx5YICxyOfAHL1uZNaObDIRkWwLphR48S8oLZHZQM3UAPdAduzmg\"\/><\/figure>\n","protected":false},"excerpt":{"rendered":"<p>Bonjour \u00e0 tous,&#x1f4e2;&nbsp;Oy\u00e9 Oy\u00e9, les f\u00eates de fin d&rsquo;ann\u00e9e approchent \u00e0 grand pas !!!&nbsp;&nbsp;Pour la deuxi\u00e8me ann\u00e9e cons\u00e9cutive, les b\u00e9n\u00e9voles du p\u00f4le social d&rsquo;Effervescentre organisent la Semaine Solidaire entre No\u00ebl et le 1er de l&rsquo;an.&nbsp;L&rsquo;occasion pour nous de proposer un spectacle suivi d&rsquo;un cocktail l&rsquo;apr\u00e8s-midi du 31 d\u00e9cembre ouvert \u00e0 tous et &#8230; Gratuit !!!&nbsp;&#x1f604;&nbsp;Ce &hellip; <a href=\"https:\/\/www.mouthiers-sur-boeme.fr\/?p=9475\" class=\"more-link\">Continuer la lecture de <span class=\"screen-reader-text\">Semaine solidaire<\/span>  <span class=\"meta-nav\">&rarr;<\/span><\/a><\/p>\n","protected":false},"author":22,"featured_media":9477,"comment_status":"open","ping_status":"open","sticky":false,"template":"","format":"standard","meta":[],"categories":[91,14],"tags":[],"_links":{"self":[{"href":"https:\/\/www.mouthiers-sur-boeme.fr\/index.php?rest_route=\/wp\/v2\/posts\/9475"}],"collection":[{"href":"https:\/\/www.mouthiers-sur-boeme.fr\/index.php?rest_route=\/wp\/v2\/posts"}],"about":[{"href":"https:\/\/www.mouthiers-sur-boeme.fr\/index.php?rest_route=\/wp\/v2\/types\/post"}],"author":[{"embeddable":true,"href":"https:\/\/www.mouthiers-sur-boeme.fr\/index.php?rest_route=\/wp\/v2\/users\/22"}],"replies":[{"embeddable":true,"href":"https:\/\/www.mouthiers-sur-boeme.fr\/index.php?rest_route=%2Fwp%2Fv2%2Fcomments&post=9475"}],"version-history":[{"count":1,"href":"https:\/\/www.mouthiers-sur-boeme.fr\/index.php?rest_route=\/wp\/v2\/posts\/9475\/revisions"}],"predecessor-version":[{"id":9478,"href":"https:\/\/www.mouthiers-sur-boeme.fr\/index.php?rest_route=\/wp\/v2\/posts\/9475\/revisions\/9478"}],"wp:featuredmedia":[{"embeddable":true,"href":"https:\/\/www.mouthiers-sur-boeme.fr\/index.php?rest_route=\/wp\/v2\/media\/9477"}],"wp:attachment":[{"href":"https:\/\/www.mouthiers-sur-boeme.fr\/index.php?rest_route=%2Fwp%2Fv2%2Fmedia&parent=9475"}],"wp:term":[{"taxonomy":"category","embeddable":true,"href":"https:\/\/www.mouthiers-sur-boeme.fr\/index.php?rest_route=%2Fwp%2Fv2%2Fcategories&post=9475"},{"taxonomy":"post_tag","embeddable":true,"href":"https:\/\/www.mouthiers-sur-boeme.fr\/index.php?rest_route=%2Fwp%2Fv2%2Ftags&post=9475"}],"curies":[{"name":"wp","href":"https:\/\/api.w.org\/{rel}","templated":true}]}}