{"id":9491,"date":"2022-12-10T08:13:13","date_gmt":"2022-12-10T07:13:13","guid":{"rendered":"https:\/\/www.mouthiers-sur-boeme.fr\/?p=9491"},"modified":"2023-01-14T11:52:53","modified_gmt":"2023-01-14T10:52:53","slug":"jeudi-22-decembre-a-20h30","status":"publish","type":"post","link":"https:\/\/www.mouthiers-sur-boeme.fr\/?p=9491","title":{"rendered":"jEUDI 22 D\u00c9CEMBRE \u00e0 20h30"},"content":{"rendered":"\n<h1>La Page blanche<\/h1>\n\n\n\n<p>De <strong>Murielle Magellan<\/strong><br>Avec <strong>Sara Giraudeau, Pierre Deladonchamps, Gr\u00e9goire Ludig<\/strong><br>Genre <strong>Com\u00e9die, Romance<\/strong><br>Nationalit\u00e9 <strong>France<\/strong><br>Dur\u00e9e <strong>1h 40<\/strong><\/p>\n\n\n\n<hr class=\"wp-block-separator\"\/>\n\n\n\n<p>Elo\u00efse se retrouve assise seule sur un banc parisien. Qui est-elle&nbsp;? Que fait-elle l\u00e0&nbsp;? Elle ne se souvient de rien&nbsp;! Elle se lance alors dans une enqu\u00eate, pleine de surprises, pour d\u00e9couvrir qui elle est. Et si cette amn\u00e9sie lui permettait de trouver qui elle est, qui elle aime, et de r\u00e9inventer sa vie&nbsp;?<\/p>\n\n\n\n<p><a href=\"https:\/\/www.crcatb.fr\/films-cinema-charente-crcatb\/article\/la-page-blanche\" target=\"_blank\" rel=\"noreferrer noopener\">BANDE ANNONCE<\/a><\/p>\n\n\n\n<div class=\"wp-block-image\"><figure class=\"aligncenter size-large\"><a href=\"https:\/\/www.mouthiers-sur-boeme.fr\/wp-content\/uploads\/2022\/12\/Affiche-LA-PAGE-BLANCHE.jpg\"><img loading=\"lazy\" width=\"327\" height=\"445\" src=\"https:\/\/www.mouthiers-sur-boeme.fr\/wp-content\/uploads\/2022\/12\/Affiche-LA-PAGE-BLANCHE.jpg\" alt=\"\" class=\"wp-image-9494\" srcset=\"https:\/\/www.mouthiers-sur-boeme.fr\/wp-content\/uploads\/2022\/12\/Affiche-LA-PAGE-BLANCHE.jpg 327w, https:\/\/www.mouthiers-sur-boeme.fr\/wp-content\/uploads\/2022\/12\/Affiche-LA-PAGE-BLANCHE-220x300.jpg 220w\" sizes=\"(max-width: 327px) 100vw, 327px\" \/><\/a><\/figure><\/div>\n\n\n\n<p class=\"has-text-align-center has-text-color\" style=\"color:#dc1912;font-size:24px\"><strong>\u00c0 VENIR DANS VOTRE SALLE PR\u00c9F\u00c9R\u00c9E<\/strong><\/p>\n\n\n\n<p class=\"has-text-align-center has-text-color has-medium-font-size\" style=\"color:#e8091c\"><strong>JEUDI 19 JANVIER<\/strong><\/p>\n\n\n\n<p>COULEURS DE L&rsquo;INCENDIE<\/p>\n\n\n\n<p><a href=\"https:\/\/www.crcatb.fr\/films-cinema-charente-crcatb\/article\/couleurs-de-l-incendie\">https:\/\/www.crcatb.fr\/films-cinema-charente-crcatb\/article\/couleurs-de-l-incendie<\/a><\/p>\n\n\n\n<p class=\"has-text-align-center has-text-color has-medium-font-size\" style=\"color:#e31118\"><strong><strong>JEUDI 2 F\u00c9VRIER<\/strong><\/strong><\/p>\n\n\n\n<p>P\u00c9TAOUCHNOC<\/p>\n\n\n\n<p><a href=\"https:\/\/www.crcatb.fr\/films-cinema-charente-crcatb\/article\/petaouchnok\">https:\/\/www.crcatb.fr\/films-cinema-charente-crcatb\/article\/petaouchnok<\/a><\/p>\n","protected":false},"excerpt":{"rendered":"<p>La Page blanche De Murielle MagellanAvec Sara Giraudeau, Pierre Deladonchamps, Gr\u00e9goire LudigGenre Com\u00e9die, RomanceNationalit\u00e9 FranceDur\u00e9e 1h 40 Elo\u00efse se retrouve assise seule sur un banc parisien. Qui est-elle&nbsp;? Que fait-elle l\u00e0&nbsp;? Elle ne se souvient de rien&nbsp;! Elle se lance alors dans une enqu\u00eate, pleine de surprises, pour d\u00e9couvrir qui elle est. Et si cette &hellip; <a href=\"https:\/\/www.mouthiers-sur-boeme.fr\/?p=9491\" class=\"more-link\">Continuer la lecture de <span class=\"screen-reader-text\">jEUDI 22 D\u00c9CEMBRE \u00e0 20h30<\/span>  <span class=\"meta-nav\">&rarr;<\/span><\/a><\/p>\n","protected":false},"author":22,"featured_media":9498,"comment_status":"open","ping_status":"open","sticky":false,"template":"","format":"standard","meta":[],"categories":[65,71],"tags":[],"_links":{"self":[{"href":"https:\/\/www.mouthiers-sur-boeme.fr\/index.php?rest_route=\/wp\/v2\/posts\/9491"}],"collection":[{"href":"https:\/\/www.mouthiers-sur-boeme.fr\/index.php?rest_route=\/wp\/v2\/posts"}],"about":[{"href":"https:\/\/www.mouthiers-sur-boeme.fr\/index.php?rest_route=\/wp\/v2\/types\/post"}],"author":[{"embeddable":true,"href":"https:\/\/www.mouthiers-sur-boeme.fr\/index.php?rest_route=\/wp\/v2\/users\/22"}],"replies":[{"embeddable":true,"href":"https:\/\/www.mouthiers-sur-boeme.fr\/index.php?rest_route=%2Fwp%2Fv2%2Fcomments&post=9491"}],"version-history":[{"count":5,"href":"https:\/\/www.mouthiers-sur-boeme.fr\/index.php?rest_route=\/wp\/v2\/posts\/9491\/revisions"}],"predecessor-version":[{"id":9522,"href":"https:\/\/www.mouthiers-sur-boeme.fr\/index.php?rest_route=\/wp\/v2\/posts\/9491\/revisions\/9522"}],"wp:featuredmedia":[{"embeddable":true,"href":"https:\/\/www.mouthiers-sur-boeme.fr\/index.php?rest_route=\/wp\/v2\/media\/9498"}],"wp:attachment":[{"href":"https:\/\/www.mouthiers-sur-boeme.fr\/index.php?rest_route=%2Fwp%2Fv2%2Fmedia&parent=9491"}],"wp:term":[{"taxonomy":"category","embeddable":true,"href":"https:\/\/www.mouthiers-sur-boeme.fr\/index.php?rest_route=%2Fwp%2Fv2%2Fcategories&post=9491"},{"taxonomy":"post_tag","embeddable":true,"href":"https:\/\/www.mouthiers-sur-boeme.fr\/index.php?rest_route=%2Fwp%2Fv2%2Ftags&post=9491"}],"curies":[{"name":"wp","href":"https:\/\/api.w.org\/{rel}","templated":true}]}}