{"id":9519,"date":"2023-01-14T11:52:36","date_gmt":"2023-01-14T10:52:36","guid":{"rendered":"https:\/\/www.mouthiers-sur-boeme.fr\/?p=9519"},"modified":"2023-01-29T14:40:09","modified_gmt":"2023-01-29T13:40:09","slug":"jeudi-19-janvier-20h30","status":"publish","type":"post","link":"https:\/\/www.mouthiers-sur-boeme.fr\/?p=9519","title":{"rendered":"jeudi 19 janvier 20h30"},"content":{"rendered":"\n<h1 class=\"has-black-color has-text-color\">Couleurs de l\u2019incendie <\/h1>\n\n\n\n<h1 class=\"has-text-color\" style=\"color:#cd171d\">ANNUL\u00c9 pour cause de neige<\/h1>\n\n\n\n<p>De <strong>Clovis Cornillac<\/strong><br>Avec <strong>L\u00e9a Drucker, Beno\u00eet Poelvoorde, Alice Isaaz<\/strong><br>Genre <strong>Historique, Drame<\/strong><br>Nationalit\u00e9 <strong>France, Belgique<\/strong><br>Dur\u00e9e <strong>2h 14<\/strong><\/p>\n\n\n\n<hr class=\"wp-block-separator\"\/>\n\n\n\n<p>Adaptation de Couleurs de l\u2019incendie de Pierre Lemaitre, suite de la saga initi\u00e9e par Au revoir l\u00e0-haut.<\/p>\n\n\n\n<p>F\u00e9vrier 1927. Apr\u00e8s le d\u00e9c\u00e8s de Marcel P\u00e9ricourt, sa fille, Madeleine, doit prendre la t\u00eate de l\u2019empire financier dont elle est l\u2019h\u00e9riti\u00e8re. Mais elle a un fils, Paul, qui d\u2019un geste inattendu et tragique va la placer sur le chemin de la ruine et du d\u00e9classement. Face \u00e0 l\u2019adversit\u00e9 des hommes, \u00e0 la corruption de son milieu et \u00e0 l\u2019ambition de son entourage, Madeleine devra mettre tout en \u0153uvre pour survivre et reconstruire sa vie. T\u00e2che d\u2019autant plus difficile dans une France qui observe, impuissante, les premi\u00e8res couleurs de l\u2019incendie qui va ravager l\u2019Europe.<\/p>\n\n\n\n<p><a href=\"https:\/\/www.crcatb.fr\/films-cinema-charente-crcatb\/article\/couleurs-de-l-incendie\" data-type=\"URL\" data-id=\"https:\/\/www.crcatb.fr\/films-cinema-charente-crcatb\/article\/couleurs-de-l-incendie\" target=\"_blank\" rel=\"noreferrer noopener\">Bande annonce<\/a><\/p>\n\n\n\n<p class=\"has-text-align-center has-text-color\" style=\"color:#ef0b13;font-size:25px\">A VENIR DANS VOTRE SALLE PR\u00c9F\u00c9R\u00c9E<\/p>\n\n\n\n<h1>Petaouchnok<\/h1>\n\n\n\n<p>De <strong>Edouard Deluc<\/strong><br>Avec <strong>Pio Marma\u00ef, Philippe Rebbot, Camille Chamoux<\/strong><br>Genre <strong>Com\u00e9die<\/strong><br>Nationalit\u00e9 <strong>France<\/strong><br>Dur\u00e9e <strong>1h 36<\/strong><\/p>\n\n\n\n<hr class=\"wp-block-separator\"\/>\n\n\n\n<p>Au c\u0153ur des Pyr\u00e9n\u00e9es, deux amis ont l\u2019id\u00e9e du si\u00e8cle pour se sortir de la pr\u00e9carit\u00e9&nbsp;: lancer une chevauch\u00e9e fantastique \u00e0 travers la montagne, pour touristes en mal de nature, de silence, d\u2019aventure.<\/p>\n\n\n\n<p><a href=\"https:\/\/www.crcatb.fr\/films-cinema-charente-crcatb\/article\/petaouchnok\" data-type=\"URL\" data-id=\"https:\/\/www.crcatb.fr\/films-cinema-charente-crcatb\/article\/petaouchnok\" target=\"_blank\" rel=\"noreferrer noopener\">Bande annonce<\/a><\/p>\n","protected":false},"excerpt":{"rendered":"<p>Couleurs de l\u2019incendie ANNUL\u00c9 pour cause de neige De Clovis CornillacAvec L\u00e9a Drucker, Beno\u00eet Poelvoorde, Alice IsaazGenre Historique, DrameNationalit\u00e9 France, BelgiqueDur\u00e9e 2h 14 Adaptation de Couleurs de l\u2019incendie de Pierre Lemaitre, suite de la saga initi\u00e9e par Au revoir l\u00e0-haut. F\u00e9vrier 1927. Apr\u00e8s le d\u00e9c\u00e8s de Marcel P\u00e9ricourt, sa fille, Madeleine, doit prendre la t\u00eate &hellip; <a href=\"https:\/\/www.mouthiers-sur-boeme.fr\/?p=9519\" class=\"more-link\">Continuer la lecture de <span class=\"screen-reader-text\">jeudi 19 janvier 20h30<\/span>  <span class=\"meta-nav\">&rarr;<\/span><\/a><\/p>\n","protected":false},"author":22,"featured_media":0,"comment_status":"open","ping_status":"open","sticky":false,"template":"","format":"standard","meta":[],"categories":[65,71],"tags":[],"_links":{"self":[{"href":"https:\/\/www.mouthiers-sur-boeme.fr\/index.php?rest_route=\/wp\/v2\/posts\/9519"}],"collection":[{"href":"https:\/\/www.mouthiers-sur-boeme.fr\/index.php?rest_route=\/wp\/v2\/posts"}],"about":[{"href":"https:\/\/www.mouthiers-sur-boeme.fr\/index.php?rest_route=\/wp\/v2\/types\/post"}],"author":[{"embeddable":true,"href":"https:\/\/www.mouthiers-sur-boeme.fr\/index.php?rest_route=\/wp\/v2\/users\/22"}],"replies":[{"embeddable":true,"href":"https:\/\/www.mouthiers-sur-boeme.fr\/index.php?rest_route=%2Fwp%2Fv2%2Fcomments&post=9519"}],"version-history":[{"count":4,"href":"https:\/\/www.mouthiers-sur-boeme.fr\/index.php?rest_route=\/wp\/v2\/posts\/9519\/revisions"}],"predecessor-version":[{"id":9532,"href":"https:\/\/www.mouthiers-sur-boeme.fr\/index.php?rest_route=\/wp\/v2\/posts\/9519\/revisions\/9532"}],"wp:attachment":[{"href":"https:\/\/www.mouthiers-sur-boeme.fr\/index.php?rest_route=%2Fwp%2Fv2%2Fmedia&parent=9519"}],"wp:term":[{"taxonomy":"category","embeddable":true,"href":"https:\/\/www.mouthiers-sur-boeme.fr\/index.php?rest_route=%2Fwp%2Fv2%2Fcategories&post=9519"},{"taxonomy":"post_tag","embeddable":true,"href":"https:\/\/www.mouthiers-sur-boeme.fr\/index.php?rest_route=%2Fwp%2Fv2%2Ftags&post=9519"}],"curies":[{"name":"wp","href":"https:\/\/api.w.org\/{rel}","templated":true}]}}