{"id":9523,"date":"2023-01-14T11:57:14","date_gmt":"2023-01-14T10:57:14","guid":{"rendered":"https:\/\/www.mouthiers-sur-boeme.fr\/?p=9523"},"modified":"2023-05-03T08:25:57","modified_gmt":"2023-05-03T07:25:57","slug":"tous-les-samedis-de-10h-a-12h","status":"publish","type":"post","link":"https:\/\/www.mouthiers-sur-boeme.fr\/?p=9523","title":{"rendered":"SAMEDI 1ER  ET DIMANCHE 2 AVRIL"},"content":{"rendered":"\n<p class=\"has-text-align-center has-text-color has-large-font-size\" style=\"color:#e8080c\"><strong>Le samedi 1er avril 2023 <\/strong><\/p>\n\n\n\n<p class=\"has-text-align-center has-text-color has-large-font-size\" style=\"color:#e8080c\"><strong>de 9h30 \u00e0 16h et<br>le dimanche 2 avril 2023 <\/strong><\/p>\n\n\n\n<p class=\"has-text-align-center has-text-color has-large-font-size\" style=\"color:#e8080c\"><strong>de 9h30 \u00e0 15h<\/strong><\/p>\n\n\n\n<p class=\"has-text-align-center has-text-color has-large-font-size\" style=\"color:#f0070b\"><strong>salle Gilles Ploquin<\/strong><\/p>\n\n\n\n<p class=\"has-text-align-center has-text-color has-medium-font-size\" style=\"color:#3489f4\"><br><strong>le Comit\u00e9 du Secours Populaire de Mouthiers<br>organise une grande vente de v\u00eatements et accessoires<br>[pu\u00e9riculture, enfants, adultes] <\/strong><\/p>\n\n\n\n<p class=\"has-text-align-center has-text-color has-medium-font-size\" style=\"color:#3489f4\"><strong>Acheter des v\u00eatements de seconde main est une bonne action pour la plan\u00e8te.<br>De plus vous faites un geste de solidarit\u00e9.<br>L\u2019argent r\u00e9colt\u00e9 par ses ventes et par les dons re\u00e7us permet au Comit\u00e9 du Secours Populaire de Mouthiers d\u2019aider des personnes, dans la pr\u00e9carit\u00e9, \u00e0 se nourrir et se d\u00e9placer pour aller au travail\u2026<br>Venez nombreux nous rendre visite et merci pour votre aide.&nbsp;<br>L\u2019\u00e9quipe du Comit\u00e9 du Secours Populaire de Mouthiers. Tel&nbsp;: 06 80 96 40 46&nbsp;<\/strong><\/p>\n\n\n\n<p class=\"has-text-align-center has-medium-font-size\"><\/p>\n\n\n\n<p><a rel=\"noreferrer noopener\" href=\"https:\/\/www.mouthiers-sur-boeme.fr\/wp-admin\/post.php?post=1715&amp;action=edit\" data-type=\"URL\" data-id=\"https:\/\/www.mouthiers-sur-boeme.fr\/wp-admin\/post.php?post=1715&amp;action=edit\" target=\"_blank\">Plus d&rsquo;infos<\/a><\/p>\n\n\n\n<div class=\"wp-block-image\"><figure class=\"aligncenter size-large\"><a href=\"https:\/\/www.mouthiers-sur-boeme.fr\/wp-content\/uploads\/2023\/03\/bourse-aux-vetements-secoursPOP.png\"><img loading=\"lazy\" width=\"473\" height=\"675\" src=\"https:\/\/www.mouthiers-sur-boeme.fr\/wp-content\/uploads\/2023\/03\/bourse-aux-vetements-secoursPOP.png\" alt=\"\" class=\"wp-image-9656\" srcset=\"https:\/\/www.mouthiers-sur-boeme.fr\/wp-content\/uploads\/2023\/03\/bourse-aux-vetements-secoursPOP.png 473w, https:\/\/www.mouthiers-sur-boeme.fr\/wp-content\/uploads\/2023\/03\/bourse-aux-vetements-secoursPOP-210x300.png 210w\" sizes=\"(max-width: 473px) 100vw, 473px\" \/><\/a><\/figure><\/div>\n","protected":false},"excerpt":{"rendered":"<p>Le samedi 1er avril 2023 de 9h30 \u00e0 16h etle dimanche 2 avril 2023 de 9h30 \u00e0 15h salle Gilles Ploquin le Comit\u00e9 du Secours Populaire de Mouthiersorganise une grande vente de v\u00eatements et accessoires[pu\u00e9riculture, enfants, adultes] Acheter des v\u00eatements de seconde main est une bonne action pour la plan\u00e8te.De plus vous faites un geste &hellip; <a href=\"https:\/\/www.mouthiers-sur-boeme.fr\/?p=9523\" class=\"more-link\">Continuer la lecture de <span class=\"screen-reader-text\">SAMEDI 1ER  ET DIMANCHE 2 AVRIL<\/span>  <span class=\"meta-nav\">&rarr;<\/span><\/a><\/p>\n","protected":false},"author":22,"featured_media":9586,"comment_status":"open","ping_status":"open","sticky":false,"template":"","format":"standard","meta":[],"categories":[84,14],"tags":[],"_links":{"self":[{"href":"https:\/\/www.mouthiers-sur-boeme.fr\/index.php?rest_route=\/wp\/v2\/posts\/9523"}],"collection":[{"href":"https:\/\/www.mouthiers-sur-boeme.fr\/index.php?rest_route=\/wp\/v2\/posts"}],"about":[{"href":"https:\/\/www.mouthiers-sur-boeme.fr\/index.php?rest_route=\/wp\/v2\/types\/post"}],"author":[{"embeddable":true,"href":"https:\/\/www.mouthiers-sur-boeme.fr\/index.php?rest_route=\/wp\/v2\/users\/22"}],"replies":[{"embeddable":true,"href":"https:\/\/www.mouthiers-sur-boeme.fr\/index.php?rest_route=%2Fwp%2Fv2%2Fcomments&post=9523"}],"version-history":[{"count":5,"href":"https:\/\/www.mouthiers-sur-boeme.fr\/index.php?rest_route=\/wp\/v2\/posts\/9523\/revisions"}],"predecessor-version":[{"id":9657,"href":"https:\/\/www.mouthiers-sur-boeme.fr\/index.php?rest_route=\/wp\/v2\/posts\/9523\/revisions\/9657"}],"wp:featuredmedia":[{"embeddable":true,"href":"https:\/\/www.mouthiers-sur-boeme.fr\/index.php?rest_route=\/wp\/v2\/media\/9586"}],"wp:attachment":[{"href":"https:\/\/www.mouthiers-sur-boeme.fr\/index.php?rest_route=%2Fwp%2Fv2%2Fmedia&parent=9523"}],"wp:term":[{"taxonomy":"category","embeddable":true,"href":"https:\/\/www.mouthiers-sur-boeme.fr\/index.php?rest_route=%2Fwp%2Fv2%2Fcategories&post=9523"},{"taxonomy":"post_tag","embeddable":true,"href":"https:\/\/www.mouthiers-sur-boeme.fr\/index.php?rest_route=%2Fwp%2Fv2%2Ftags&post=9523"}],"curies":[{"name":"wp","href":"https:\/\/api.w.org\/{rel}","templated":true}]}}