{"id":9527,"date":"2023-01-29T14:36:13","date_gmt":"2023-01-29T13:36:13","guid":{"rendered":"https:\/\/www.mouthiers-sur-boeme.fr\/?p=9527"},"modified":"2023-03-18T09:28:00","modified_gmt":"2023-03-18T08:28:00","slug":"jeudi-2-fevrier-a-20h30","status":"publish","type":"post","link":"https:\/\/www.mouthiers-sur-boeme.fr\/?p=9527","title":{"rendered":"jeudi 2 fevrier \u00e0 20h30"},"content":{"rendered":"\n<h1>Petaouchnok<\/h1>\n\n\n\n<p>De <strong>Edouard Deluc<\/strong><br>Avec <strong>Pio Marma\u00ef, Philippe Rebbot, Camille Chamoux<\/strong><br>Genre <strong>Com\u00e9die<\/strong><br>Nationalit\u00e9 <strong>France<\/strong><br>Dur\u00e9e <strong>1h 36<\/strong><\/p>\n\n\n\n<hr class=\"wp-block-separator\"\/>\n\n\n\n<p>Au c\u0153ur des Pyr\u00e9n\u00e9es, deux amis ont l\u2019id\u00e9e du si\u00e8cle pour se sortir de la pr\u00e9carit\u00e9&nbsp;: lancer une chevauch\u00e9e fantastique \u00e0 travers la montagne, pour touristes en mal de nature, de silence, d\u2019aventure.<\/p>\n\n\n\n<p><a href=\"https:\/\/www.crcatb.fr\/films-cinema-charente-crcatb\/article\/petaouchnok\" data-type=\"URL\" data-id=\"https:\/\/www.crcatb.fr\/films-cinema-charente-crcatb\/article\/petaouchnok\" target=\"_blank\" rel=\"noreferrer noopener\">Bande annonce<\/a><\/p>\n","protected":false},"excerpt":{"rendered":"<p>Petaouchnok De Edouard DelucAvec Pio Marma\u00ef, Philippe Rebbot, Camille ChamouxGenre Com\u00e9dieNationalit\u00e9 FranceDur\u00e9e 1h 36 Au c\u0153ur des Pyr\u00e9n\u00e9es, deux amis ont l\u2019id\u00e9e du si\u00e8cle pour se sortir de la pr\u00e9carit\u00e9&nbsp;: lancer une chevauch\u00e9e fantastique \u00e0 travers la montagne, pour touristes en mal de nature, de silence, d\u2019aventure. Bande annonce<\/p>\n","protected":false},"author":22,"featured_media":0,"comment_status":"open","ping_status":"open","sticky":false,"template":"","format":"standard","meta":[],"categories":[65,71],"tags":[],"_links":{"self":[{"href":"https:\/\/www.mouthiers-sur-boeme.fr\/index.php?rest_route=\/wp\/v2\/posts\/9527"}],"collection":[{"href":"https:\/\/www.mouthiers-sur-boeme.fr\/index.php?rest_route=\/wp\/v2\/posts"}],"about":[{"href":"https:\/\/www.mouthiers-sur-boeme.fr\/index.php?rest_route=\/wp\/v2\/types\/post"}],"author":[{"embeddable":true,"href":"https:\/\/www.mouthiers-sur-boeme.fr\/index.php?rest_route=\/wp\/v2\/users\/22"}],"replies":[{"embeddable":true,"href":"https:\/\/www.mouthiers-sur-boeme.fr\/index.php?rest_route=%2Fwp%2Fv2%2Fcomments&post=9527"}],"version-history":[{"count":2,"href":"https:\/\/www.mouthiers-sur-boeme.fr\/index.php?rest_route=\/wp\/v2\/posts\/9527\/revisions"}],"predecessor-version":[{"id":9543,"href":"https:\/\/www.mouthiers-sur-boeme.fr\/index.php?rest_route=\/wp\/v2\/posts\/9527\/revisions\/9543"}],"wp:attachment":[{"href":"https:\/\/www.mouthiers-sur-boeme.fr\/index.php?rest_route=%2Fwp%2Fv2%2Fmedia&parent=9527"}],"wp:term":[{"taxonomy":"category","embeddable":true,"href":"https:\/\/www.mouthiers-sur-boeme.fr\/index.php?rest_route=%2Fwp%2Fv2%2Fcategories&post=9527"},{"taxonomy":"post_tag","embeddable":true,"href":"https:\/\/www.mouthiers-sur-boeme.fr\/index.php?rest_route=%2Fwp%2Fv2%2Ftags&post=9527"}],"curies":[{"name":"wp","href":"https:\/\/api.w.org\/{rel}","templated":true}]}}