{"id":9545,"date":"2023-02-14T16:05:07","date_gmt":"2023-02-14T15:05:07","guid":{"rendered":"https:\/\/www.mouthiers-sur-boeme.fr\/?p=9545"},"modified":"2023-03-08T09:39:15","modified_gmt":"2023-03-08T08:39:15","slug":"jeudi-2-mars-20h30","status":"publish","type":"post","link":"https:\/\/www.mouthiers-sur-boeme.fr\/?p=9545","title":{"rendered":"Jeudi 2 mars 20h30"},"content":{"rendered":"\n<h1>Couleurs de l\u2019incendie<\/h1>\n\n\n\n<p>De <strong>Clovis Cornillac<\/strong><br>Avec <strong>L\u00e9a Drucker, Beno\u00eet Poelvoorde, Alice Isaaz<\/strong><br>Genre <strong>Historique, Drame<\/strong><br>Nationalit\u00e9 <strong>France, Belgique<\/strong><br>Dur\u00e9e <strong>2h 14<\/strong><\/p>\n\n\n\n<hr class=\"wp-block-separator\"\/>\n\n\n\n<p>Adaptation de Couleurs de l\u2019incendie de Pierre Lemaitre, suite de la saga initi\u00e9e par Au revoir l\u00e0-haut.<\/p>\n\n\n\n<p>F\u00e9vrier 1927. Apr\u00e8s le d\u00e9c\u00e8s de Marcel P\u00e9ricourt, sa fille, Madeleine, doit prendre la t\u00eate de l\u2019empire financier dont elle est l\u2019h\u00e9riti\u00e8re. Mais elle a un fils, Paul, qui d\u2019un geste inattendu et tragique va la placer sur le chemin de la ruine et du d\u00e9classement. Face \u00e0 l\u2019adversit\u00e9 des hommes, \u00e0 la corruption de son milieu et \u00e0 l\u2019ambition de son entourage, Madeleine devra mettre tout en \u0153uvre pour survivre et reconstruire sa vie. T\u00e2che d\u2019autant plus difficile dans une France qui observe, impuissante, les premi\u00e8res couleurs de l\u2019incendie qui va ravager l\u2019Europe.<\/p>\n\n\n\n<p><a rel=\"noreferrer noopener\" href=\"https:\/\/www.crcatb.fr\/films-cinema-charente-crcatb\/article\/couleurs-de-l-incendie\" data-type=\"URL\" data-id=\"https:\/\/www.crcatb.fr\/films-cinema-charente-crcatb\/article\/couleurs-de-l-incendie\" target=\"_blank\">Bande annonce<\/a><\/p>\n\n\n\n<p class=\"has-text-align-center has-green-background-color has-background has-medium-font-size\"><strong><em>N&rsquo;oubliez pas le 23 f\u00e9vrier \u00e0 19h00 le festival International du Film Court d&rsquo;Angoul\u00eame<\/em><\/strong><\/p>\n\n\n\n<p class=\"has-text-align-center has-text-color has-medium-font-size\" style=\"color:#f90e16\"><strong>PROCHAINEMENT SUR VOTRE \u00c9CRAN PR\u00c9F\u00c9R\u00c9<\/strong><\/p>\n\n\n\n<p class=\"has-text-align-center\">Jeudi 16 mars<\/p>\n\n\n\n<p class=\"has-text-align-center\">VIVRE<\/p>\n\n\n\n<p class=\"has-text-align-center\">Jeudi 30 mars<\/p>\n\n\n\n<p class=\"has-text-align-center\">NOS SOLEILS<\/p>\n\n\n\n<p class=\"has-text-align-center\">Jeudi 27 avril<\/p>\n\n\n\n<p class=\"has-text-align-center\">YOUSSEF SALEM A DU SUCC\u00c8S <\/p>\n","protected":false},"excerpt":{"rendered":"<p>Couleurs de l\u2019incendie De Clovis CornillacAvec L\u00e9a Drucker, Beno\u00eet Poelvoorde, Alice IsaazGenre Historique, DrameNationalit\u00e9 France, BelgiqueDur\u00e9e 2h 14 Adaptation de Couleurs de l\u2019incendie de Pierre Lemaitre, suite de la saga initi\u00e9e par Au revoir l\u00e0-haut. F\u00e9vrier 1927. Apr\u00e8s le d\u00e9c\u00e8s de Marcel P\u00e9ricourt, sa fille, Madeleine, doit prendre la t\u00eate de l\u2019empire financier dont elle &hellip; <a href=\"https:\/\/www.mouthiers-sur-boeme.fr\/?p=9545\" class=\"more-link\">Continuer la lecture de <span class=\"screen-reader-text\">Jeudi 2 mars 20h30<\/span>  <span class=\"meta-nav\">&rarr;<\/span><\/a><\/p>\n","protected":false},"author":22,"featured_media":0,"comment_status":"open","ping_status":"open","sticky":false,"template":"","format":"standard","meta":[],"categories":[65,71],"tags":[],"_links":{"self":[{"href":"https:\/\/www.mouthiers-sur-boeme.fr\/index.php?rest_route=\/wp\/v2\/posts\/9545"}],"collection":[{"href":"https:\/\/www.mouthiers-sur-boeme.fr\/index.php?rest_route=\/wp\/v2\/posts"}],"about":[{"href":"https:\/\/www.mouthiers-sur-boeme.fr\/index.php?rest_route=\/wp\/v2\/types\/post"}],"author":[{"embeddable":true,"href":"https:\/\/www.mouthiers-sur-boeme.fr\/index.php?rest_route=\/wp\/v2\/users\/22"}],"replies":[{"embeddable":true,"href":"https:\/\/www.mouthiers-sur-boeme.fr\/index.php?rest_route=%2Fwp%2Fv2%2Fcomments&post=9545"}],"version-history":[{"count":1,"href":"https:\/\/www.mouthiers-sur-boeme.fr\/index.php?rest_route=\/wp\/v2\/posts\/9545\/revisions"}],"predecessor-version":[{"id":9547,"href":"https:\/\/www.mouthiers-sur-boeme.fr\/index.php?rest_route=\/wp\/v2\/posts\/9545\/revisions\/9547"}],"wp:attachment":[{"href":"https:\/\/www.mouthiers-sur-boeme.fr\/index.php?rest_route=%2Fwp%2Fv2%2Fmedia&parent=9545"}],"wp:term":[{"taxonomy":"category","embeddable":true,"href":"https:\/\/www.mouthiers-sur-boeme.fr\/index.php?rest_route=%2Fwp%2Fv2%2Fcategories&post=9545"},{"taxonomy":"post_tag","embeddable":true,"href":"https:\/\/www.mouthiers-sur-boeme.fr\/index.php?rest_route=%2Fwp%2Fv2%2Ftags&post=9545"}],"curies":[{"name":"wp","href":"https:\/\/api.w.org\/{rel}","templated":true}]}}