{"id":9581,"date":"2023-03-01T08:32:28","date_gmt":"2023-03-01T07:32:28","guid":{"rendered":"https:\/\/www.mouthiers-sur-boeme.fr\/?p=9581"},"modified":"2023-04-19T08:53:24","modified_gmt":"2023-04-19T07:53:24","slug":"troc-plantes-samedi-8-avril","status":"publish","type":"post","link":"https:\/\/www.mouthiers-sur-boeme.fr\/?p=9581","title":{"rendered":"Troc plantes samedi 8 avril"},"content":{"rendered":"\n<p class=\"has-text-align-center has-green-color has-text-color\"><strong>TROC PLANTES de PRINTEMPS 2023<\/strong><\/p>\n\n\n\n<p class=\"has-text-align-center has-text-color\" style=\"color:#2a5dd2\"><br>&nbsp;&nbsp;&nbsp;&nbsp;&nbsp;&nbsp;&nbsp;&nbsp;&nbsp;&nbsp;&nbsp;&nbsp;&nbsp;&nbsp;&nbsp;&nbsp;&nbsp;&nbsp; &nbsp; &nbsp; &nbsp; &nbsp; &nbsp; &nbsp; &nbsp; &nbsp; &nbsp;&nbsp; Le Troc Plantes se tiendra le <strong>Samedi 8 avril<\/strong>&nbsp;&nbsp;&nbsp;&nbsp;&nbsp;&nbsp;&nbsp;&nbsp;&nbsp;&nbsp;&nbsp;&nbsp; &nbsp; &nbsp; &nbsp; &nbsp; &nbsp; &nbsp; &nbsp; &nbsp; &nbsp;&nbsp; le matin de<strong> 9h30 \u00e0 12h30<\/strong> place du chevet de l\u2019\u00e9glise<\/p>\n\n\n\n<p class=\"has-text-align-center has-green-color has-text-color has-medium-font-size\"><br><strong>Animations:<\/strong><\/p>\n\n\n\n<p class=\"has-text-align-center has-medium-font-size\"><br>&nbsp;&nbsp;&nbsp; *le matin Construction de nichoirs et abris \u00e0 chauves souris<\/p>\n\n\n\n<p class=\"has-medium-font-size\">&nbsp;&nbsp;&nbsp; *A 14h Balade \u00ab\u00a0plantes sauvages comestibles \u00a0\u00bb anim\u00e9e par les Compagnons du v\u00e9g\u00e9tal<\/p>\n\n\n\n<p class=\"has-medium-font-size\">&nbsp;&nbsp; Le troc plantes c&rsquo;est l&rsquo;\u00e9change de tout ce qui pousse au jardin ( l\u00e9gumes , arbustes , plantes d&rsquo;ornement, petits fruits,  bulbes,  graines &#8230;)&nbsp;&nbsp; <\/p>\n\n\n\n<p class=\"has-black-color has-text-color has-medium-font-size\">Le troc plantes , c&rsquo;est aussi un \u00e9change d&rsquo;id\u00e9es jardini\u00e8res,  de \u00ab\u00a0savoir faire\u00a0\u00bb, de d\u00e9couvertes de plantes  et d&rsquo;essayer ce qui&nbsp; peut se plaire dans son jardin &#8230;<br>&nbsp;&nbsp; Alors,  trop de plants de salade ? de fraisiers ? de muguets ? de framboisiers et autres ? Je les apporte !<br>&nbsp;&nbsp;&nbsp;&nbsp;&nbsp;&nbsp;&nbsp;&nbsp;&nbsp;&nbsp;&nbsp;&nbsp;&nbsp;&nbsp;&nbsp;&nbsp;&nbsp;&nbsp;&nbsp;&nbsp;&nbsp;&nbsp;&nbsp;&nbsp;&nbsp;&nbsp;&nbsp;&nbsp;&nbsp;&nbsp;&nbsp;&nbsp;&nbsp;&nbsp;&nbsp;&nbsp;&nbsp;&nbsp;&nbsp;&nbsp;&nbsp;&nbsp;&nbsp;&nbsp;&nbsp;&nbsp;&nbsp;&nbsp;&nbsp;&nbsp;&nbsp;&nbsp;&nbsp;&nbsp;&nbsp;&nbsp;&nbsp;&nbsp; &nbsp; &nbsp; &nbsp; &nbsp;&nbsp;<\/p>\n\n\n\n<p class=\"has-text-align-center has-green-color has-text-color has-medium-font-size\"> Rendez-Vous  <strong>le 8 avril<\/strong><\/p>\n","protected":false},"excerpt":{"rendered":"<p>TROC PLANTES de PRINTEMPS 2023 &nbsp;&nbsp;&nbsp;&nbsp;&nbsp;&nbsp;&nbsp;&nbsp;&nbsp;&nbsp;&nbsp;&nbsp;&nbsp;&nbsp;&nbsp;&nbsp;&nbsp;&nbsp; &nbsp; &nbsp; &nbsp; &nbsp; &nbsp; &nbsp; &nbsp; &nbsp; &nbsp;&nbsp; Le Troc Plantes se tiendra le Samedi 8 avril&nbsp;&nbsp;&nbsp;&nbsp;&nbsp;&nbsp;&nbsp;&nbsp;&nbsp;&nbsp;&nbsp;&nbsp; &nbsp; &nbsp; &nbsp; &nbsp; &nbsp; &nbsp; &nbsp; &nbsp; &nbsp;&nbsp; le matin de 9h30 \u00e0 12h30 place du chevet de l\u2019\u00e9glise Animations: &nbsp;&nbsp;&nbsp; *le matin Construction de nichoirs et abris \u00e0 chauves &hellip; <a href=\"https:\/\/www.mouthiers-sur-boeme.fr\/?p=9581\" class=\"more-link\">Continuer la lecture de <span class=\"screen-reader-text\">Troc plantes samedi 8 avril<\/span>  <span class=\"meta-nav\">&rarr;<\/span><\/a><\/p>\n","protected":false},"author":22,"featured_media":9633,"comment_status":"open","ping_status":"open","sticky":false,"template":"","format":"standard","meta":[],"categories":[95,13],"tags":[],"_links":{"self":[{"href":"https:\/\/www.mouthiers-sur-boeme.fr\/index.php?rest_route=\/wp\/v2\/posts\/9581"}],"collection":[{"href":"https:\/\/www.mouthiers-sur-boeme.fr\/index.php?rest_route=\/wp\/v2\/posts"}],"about":[{"href":"https:\/\/www.mouthiers-sur-boeme.fr\/index.php?rest_route=\/wp\/v2\/types\/post"}],"author":[{"embeddable":true,"href":"https:\/\/www.mouthiers-sur-boeme.fr\/index.php?rest_route=\/wp\/v2\/users\/22"}],"replies":[{"embeddable":true,"href":"https:\/\/www.mouthiers-sur-boeme.fr\/index.php?rest_route=%2Fwp%2Fv2%2Fcomments&post=9581"}],"version-history":[{"count":2,"href":"https:\/\/www.mouthiers-sur-boeme.fr\/index.php?rest_route=\/wp\/v2\/posts\/9581\/revisions"}],"predecessor-version":[{"id":9634,"href":"https:\/\/www.mouthiers-sur-boeme.fr\/index.php?rest_route=\/wp\/v2\/posts\/9581\/revisions\/9634"}],"wp:featuredmedia":[{"embeddable":true,"href":"https:\/\/www.mouthiers-sur-boeme.fr\/index.php?rest_route=\/wp\/v2\/media\/9633"}],"wp:attachment":[{"href":"https:\/\/www.mouthiers-sur-boeme.fr\/index.php?rest_route=%2Fwp%2Fv2%2Fmedia&parent=9581"}],"wp:term":[{"taxonomy":"category","embeddable":true,"href":"https:\/\/www.mouthiers-sur-boeme.fr\/index.php?rest_route=%2Fwp%2Fv2%2Fcategories&post=9581"},{"taxonomy":"post_tag","embeddable":true,"href":"https:\/\/www.mouthiers-sur-boeme.fr\/index.php?rest_route=%2Fwp%2Fv2%2Ftags&post=9581"}],"curies":[{"name":"wp","href":"https:\/\/api.w.org\/{rel}","templated":true}]}}