{"id":9597,"date":"2023-03-18T09:18:18","date_gmt":"2023-03-18T08:18:18","guid":{"rendered":"https:\/\/www.mouthiers-sur-boeme.fr\/?p=9597"},"modified":"2023-04-13T06:14:00","modified_gmt":"2023-04-13T05:14:00","slug":"don-du-sang-collectes-2023","status":"publish","type":"post","link":"https:\/\/www.mouthiers-sur-boeme.fr\/?p=9597","title":{"rendered":"Don du sang collectes 2023 18 avril"},"content":{"rendered":"\n<div class=\"wp-block-image\"><figure class=\"aligncenter size-large\"><a href=\"https:\/\/www.mouthiers-sur-boeme.fr\/wp-content\/uploads\/2023\/03\/DON-DU-SANG-Logo-2.jpeg\"><img loading=\"lazy\" width=\"350\" height=\"102\" src=\"https:\/\/www.mouthiers-sur-boeme.fr\/wp-content\/uploads\/2023\/03\/DON-DU-SANG-Logo-2.jpeg\" alt=\"\" class=\"wp-image-9638\" srcset=\"https:\/\/www.mouthiers-sur-boeme.fr\/wp-content\/uploads\/2023\/03\/DON-DU-SANG-Logo-2.jpeg 350w, https:\/\/www.mouthiers-sur-boeme.fr\/wp-content\/uploads\/2023\/03\/DON-DU-SANG-Logo-2-300x87.jpeg 300w\" sizes=\"(max-width: 350px) 100vw, 350px\" \/><\/a><\/figure><\/div>\n\n\n\n<p>Rappel des dates de collectes <\/p>\n\n\n\n<p>18 avril \u00e0 Mouthiers &#8211; 21 juin \u00e0 Chadurie &#8211; 13 septembre \u00e0 Blanzac &#8211;       15 novembre \u00e0 Mouthiers.<\/p>\n\n\n\n<p>L&rsquo;association recherche des b\u00e9n\u00e9voles. Si vous \u00eates int\u00e9ress\u00e9s, prenez contact avec Marie-France ANICET 05 45 67 92 75<\/p>\n\n\n\n<p><\/p>\n","protected":false},"excerpt":{"rendered":"<p>Rappel des dates de collectes 18 avril \u00e0 Mouthiers &#8211; 21 juin \u00e0 Chadurie &#8211; 13 septembre \u00e0 Blanzac &#8211; 15 novembre \u00e0 Mouthiers. L&rsquo;association recherche des b\u00e9n\u00e9voles. Si vous \u00eates int\u00e9ress\u00e9s, prenez contact avec Marie-France ANICET 05 45 67 92 75<\/p>\n","protected":false},"author":22,"featured_media":0,"comment_status":"open","ping_status":"open","sticky":false,"template":"","format":"standard","meta":[],"categories":[104,14],"tags":[],"_links":{"self":[{"href":"https:\/\/www.mouthiers-sur-boeme.fr\/index.php?rest_route=\/wp\/v2\/posts\/9597"}],"collection":[{"href":"https:\/\/www.mouthiers-sur-boeme.fr\/index.php?rest_route=\/wp\/v2\/posts"}],"about":[{"href":"https:\/\/www.mouthiers-sur-boeme.fr\/index.php?rest_route=\/wp\/v2\/types\/post"}],"author":[{"embeddable":true,"href":"https:\/\/www.mouthiers-sur-boeme.fr\/index.php?rest_route=\/wp\/v2\/users\/22"}],"replies":[{"embeddable":true,"href":"https:\/\/www.mouthiers-sur-boeme.fr\/index.php?rest_route=%2Fwp%2Fv2%2Fcomments&post=9597"}],"version-history":[{"count":5,"href":"https:\/\/www.mouthiers-sur-boeme.fr\/index.php?rest_route=\/wp\/v2\/posts\/9597\/revisions"}],"predecessor-version":[{"id":9682,"href":"https:\/\/www.mouthiers-sur-boeme.fr\/index.php?rest_route=\/wp\/v2\/posts\/9597\/revisions\/9682"}],"wp:attachment":[{"href":"https:\/\/www.mouthiers-sur-boeme.fr\/index.php?rest_route=%2Fwp%2Fv2%2Fmedia&parent=9597"}],"wp:term":[{"taxonomy":"category","embeddable":true,"href":"https:\/\/www.mouthiers-sur-boeme.fr\/index.php?rest_route=%2Fwp%2Fv2%2Fcategories&post=9597"},{"taxonomy":"post_tag","embeddable":true,"href":"https:\/\/www.mouthiers-sur-boeme.fr\/index.php?rest_route=%2Fwp%2Fv2%2Ftags&post=9597"}],"curies":[{"name":"wp","href":"https:\/\/api.w.org\/{rel}","templated":true}]}}