{"id":9625,"date":"2023-03-18T08:57:15","date_gmt":"2023-03-18T07:57:15","guid":{"rendered":"https:\/\/www.mouthiers-sur-boeme.fr\/?p=9625"},"modified":"2023-04-08T07:47:17","modified_gmt":"2023-04-08T06:47:17","slug":"jeudi-30mars","status":"publish","type":"post","link":"https:\/\/www.mouthiers-sur-boeme.fr\/?p=9625","title":{"rendered":"jeudi 30mars NOS SOLEILS"},"content":{"rendered":"\n<h1>Nos soleils<\/h1>\n\n\n\n<p>De <strong>Carla Sim\u00f3n<\/strong><br>Avec <strong>Jordi Pujol Dolcet, Anna Ot\u00edn, Xenia Roset<\/strong><br>Genre <strong>Drame<\/strong><br>Nationalit\u00e9 <strong>Espagne, Italie<\/strong><br>Dur\u00e9e <strong>2h 00<\/strong><\/p>\n\n\n\n<hr class=\"wp-block-separator\"\/>\n\n\n\n<p>Depuis des g\u00e9n\u00e9rations, les Sol\u00e9 passent leurs \u00e9t\u00e9s \u00e0 cueillir des p\u00eaches dans leur exploitation \u00e0 Alcarr\u00e0s, un petit village de Catalogne. Mais la r\u00e9colte de cette ann\u00e9e pourrait bien \u00eatre la derni\u00e8re car ils sont menac\u00e9s d\u2019expulsion. Le propri\u00e9taire du terrain a de nouveaux projets&nbsp;: couper les p\u00eachers et installer des panneaux solaires. Confront\u00e9e \u00e0 un avenir incertain, la grande famille, habituellement si unie, se d\u00e9chire et risque de perdre tout ce qui faisait sa force&#8230;<\/p>\n\n\n\n<p><a href=\"https:\/\/www.crcatb.fr\/films-cinema-charente-crcatb\/article\/nos-soleils\" target=\"_blank\" rel=\"noreferrer noopener\">Nos soleils<\/a><\/p>\n\n\n\n<h3><strong>jeudi 27 avril<\/strong> \u00e0&nbsp;20h30     <a href=\"https:\/\/www.crcatb.fr\/films-cinema-charente-crcatb\/article\/youssef-salem-a-du-succes\" target=\"_blank\" rel=\"noreferrer noopener\">Youssef Salem a du succ\u00e8s<\/a><\/h3>\n\n\n\n<p><\/p>\n","protected":false},"excerpt":{"rendered":"<p>Nos soleils De Carla Sim\u00f3nAvec Jordi Pujol Dolcet, Anna Ot\u00edn, Xenia RosetGenre DrameNationalit\u00e9 Espagne, ItalieDur\u00e9e 2h 00 Depuis des g\u00e9n\u00e9rations, les Sol\u00e9 passent leurs \u00e9t\u00e9s \u00e0 cueillir des p\u00eaches dans leur exploitation \u00e0 Alcarr\u00e0s, un petit village de Catalogne. Mais la r\u00e9colte de cette ann\u00e9e pourrait bien \u00eatre la derni\u00e8re car ils sont menac\u00e9s d\u2019expulsion. &hellip; <a href=\"https:\/\/www.mouthiers-sur-boeme.fr\/?p=9625\" class=\"more-link\">Continuer la lecture de <span class=\"screen-reader-text\">jeudi 30mars NOS SOLEILS<\/span>  <span class=\"meta-nav\">&rarr;<\/span><\/a><\/p>\n","protected":false},"author":22,"featured_media":0,"comment_status":"open","ping_status":"open","sticky":false,"template":"","format":"standard","meta":[],"categories":[65,71],"tags":[],"_links":{"self":[{"href":"https:\/\/www.mouthiers-sur-boeme.fr\/index.php?rest_route=\/wp\/v2\/posts\/9625"}],"collection":[{"href":"https:\/\/www.mouthiers-sur-boeme.fr\/index.php?rest_route=\/wp\/v2\/posts"}],"about":[{"href":"https:\/\/www.mouthiers-sur-boeme.fr\/index.php?rest_route=\/wp\/v2\/types\/post"}],"author":[{"embeddable":true,"href":"https:\/\/www.mouthiers-sur-boeme.fr\/index.php?rest_route=\/wp\/v2\/users\/22"}],"replies":[{"embeddable":true,"href":"https:\/\/www.mouthiers-sur-boeme.fr\/index.php?rest_route=%2Fwp%2Fv2%2Fcomments&post=9625"}],"version-history":[{"count":4,"href":"https:\/\/www.mouthiers-sur-boeme.fr\/index.php?rest_route=\/wp\/v2\/posts\/9625\/revisions"}],"predecessor-version":[{"id":9677,"href":"https:\/\/www.mouthiers-sur-boeme.fr\/index.php?rest_route=\/wp\/v2\/posts\/9625\/revisions\/9677"}],"wp:attachment":[{"href":"https:\/\/www.mouthiers-sur-boeme.fr\/index.php?rest_route=%2Fwp%2Fv2%2Fmedia&parent=9625"}],"wp:term":[{"taxonomy":"category","embeddable":true,"href":"https:\/\/www.mouthiers-sur-boeme.fr\/index.php?rest_route=%2Fwp%2Fv2%2Fcategories&post=9625"},{"taxonomy":"post_tag","embeddable":true,"href":"https:\/\/www.mouthiers-sur-boeme.fr\/index.php?rest_route=%2Fwp%2Fv2%2Ftags&post=9625"}],"curies":[{"name":"wp","href":"https:\/\/api.w.org\/{rel}","templated":true}]}}