{"id":9707,"date":"2023-05-03T08:47:27","date_gmt":"2023-05-03T07:47:27","guid":{"rendered":"https:\/\/www.mouthiers-sur-boeme.fr\/?p=9707"},"modified":"2023-06-17T08:33:25","modified_gmt":"2023-06-17T07:33:25","slug":"et-la-frairie-aussi","status":"publish","type":"post","link":"https:\/\/www.mouthiers-sur-boeme.fr\/?p=9707","title":{"rendered":"grand week-end festif !"},"content":{"rendered":"\n<p class=\"has-text-align-center has-green-color has-text-color has-medium-font-size\">Les beaux jours reviennent avec le week-end de la Pentec\u00f4te \u00e0 Mouthiers. Trois jours de f\u00eate les 27, 28 et 29 mai. Frairie, feu d&rsquo;artifice, repas, bric-\u00e0-brac et d&rsquo;autres rendez-vous\u2026<\/p>\n\n\n\n<figure class=\"wp-block-image size-large\"><a href=\"https:\/\/www.mouthiers-sur-boeme.fr\/wp-content\/uploads\/2023\/05\/Screenshot-2023-05-03-at-09-43-35-DepliantA4_MeF23_v3-Flyer-A4F23_v3-1.pdf.png\"><img loading=\"lazy\" width=\"879\" height=\"622\" src=\"https:\/\/www.mouthiers-sur-boeme.fr\/wp-content\/uploads\/2023\/05\/Screenshot-2023-05-03-at-09-43-35-DepliantA4_MeF23_v3-Flyer-A4F23_v3-1.pdf.png\" alt=\"\" class=\"wp-image-9709\" srcset=\"https:\/\/www.mouthiers-sur-boeme.fr\/wp-content\/uploads\/2023\/05\/Screenshot-2023-05-03-at-09-43-35-DepliantA4_MeF23_v3-Flyer-A4F23_v3-1.pdf.png 879w, https:\/\/www.mouthiers-sur-boeme.fr\/wp-content\/uploads\/2023\/05\/Screenshot-2023-05-03-at-09-43-35-DepliantA4_MeF23_v3-Flyer-A4F23_v3-1.pdf-300x212.png 300w, https:\/\/www.mouthiers-sur-boeme.fr\/wp-content\/uploads\/2023\/05\/Screenshot-2023-05-03-at-09-43-35-DepliantA4_MeF23_v3-Flyer-A4F23_v3-1.pdf-768x543.png 768w\" sizes=\"(max-width: 879px) 100vw, 879px\" \/><\/a><\/figure>\n\n\n\n<figure class=\"wp-block-image size-large\"><a href=\"https:\/\/www.mouthiers-sur-boeme.fr\/wp-content\/uploads\/2023\/05\/Screenshot-2023-05-03-at-09-43-56-DepliantA4_MeF23_v3-Flyer-A4F23_v3-1.pdf.png\"><img loading=\"lazy\" width=\"879\" height=\"622\" src=\"https:\/\/www.mouthiers-sur-boeme.fr\/wp-content\/uploads\/2023\/05\/Screenshot-2023-05-03-at-09-43-56-DepliantA4_MeF23_v3-Flyer-A4F23_v3-1.pdf.png\" alt=\"\" class=\"wp-image-9708\" srcset=\"https:\/\/www.mouthiers-sur-boeme.fr\/wp-content\/uploads\/2023\/05\/Screenshot-2023-05-03-at-09-43-56-DepliantA4_MeF23_v3-Flyer-A4F23_v3-1.pdf.png 879w, https:\/\/www.mouthiers-sur-boeme.fr\/wp-content\/uploads\/2023\/05\/Screenshot-2023-05-03-at-09-43-56-DepliantA4_MeF23_v3-Flyer-A4F23_v3-1.pdf-300x212.png 300w, https:\/\/www.mouthiers-sur-boeme.fr\/wp-content\/uploads\/2023\/05\/Screenshot-2023-05-03-at-09-43-56-DepliantA4_MeF23_v3-Flyer-A4F23_v3-1.pdf-768x543.png 768w\" sizes=\"(max-width: 879px) 100vw, 879px\" \/><\/a><\/figure>\n","protected":false},"excerpt":{"rendered":"<p>Les beaux jours reviennent avec le week-end de la Pentec\u00f4te \u00e0 Mouthiers. Trois jours de f\u00eate les 27, 28 et 29 mai. Frairie, feu d&rsquo;artifice, repas, bric-\u00e0-brac et d&rsquo;autres rendez-vous\u2026<\/p>\n","protected":false},"author":22,"featured_media":0,"comment_status":"open","ping_status":"open","sticky":false,"template":"","format":"standard","meta":[],"categories":[11,12,105],"tags":[],"_links":{"self":[{"href":"https:\/\/www.mouthiers-sur-boeme.fr\/index.php?rest_route=\/wp\/v2\/posts\/9707"}],"collection":[{"href":"https:\/\/www.mouthiers-sur-boeme.fr\/index.php?rest_route=\/wp\/v2\/posts"}],"about":[{"href":"https:\/\/www.mouthiers-sur-boeme.fr\/index.php?rest_route=\/wp\/v2\/types\/post"}],"author":[{"embeddable":true,"href":"https:\/\/www.mouthiers-sur-boeme.fr\/index.php?rest_route=\/wp\/v2\/users\/22"}],"replies":[{"embeddable":true,"href":"https:\/\/www.mouthiers-sur-boeme.fr\/index.php?rest_route=%2Fwp%2Fv2%2Fcomments&post=9707"}],"version-history":[{"count":4,"href":"https:\/\/www.mouthiers-sur-boeme.fr\/index.php?rest_route=\/wp\/v2\/posts\/9707\/revisions"}],"predecessor-version":[{"id":9764,"href":"https:\/\/www.mouthiers-sur-boeme.fr\/index.php?rest_route=\/wp\/v2\/posts\/9707\/revisions\/9764"}],"wp:attachment":[{"href":"https:\/\/www.mouthiers-sur-boeme.fr\/index.php?rest_route=%2Fwp%2Fv2%2Fmedia&parent=9707"}],"wp:term":[{"taxonomy":"category","embeddable":true,"href":"https:\/\/www.mouthiers-sur-boeme.fr\/index.php?rest_route=%2Fwp%2Fv2%2Fcategories&post=9707"},{"taxonomy":"post_tag","embeddable":true,"href":"https:\/\/www.mouthiers-sur-boeme.fr\/index.php?rest_route=%2Fwp%2Fv2%2Ftags&post=9707"}],"curies":[{"name":"wp","href":"https:\/\/api.w.org\/{rel}","templated":true}]}}