{"id":9727,"date":"2023-05-03T09:26:15","date_gmt":"2023-05-03T08:26:15","guid":{"rendered":"https:\/\/www.mouthiers-sur-boeme.fr\/?p=9727"},"modified":"2023-05-24T10:02:28","modified_gmt":"2023-05-24T09:02:28","slug":"actu-familibulle","status":"publish","type":"post","link":"https:\/\/www.mouthiers-sur-boeme.fr\/?p=9727","title":{"rendered":"ACTU FAMILI&rsquo;BULLE"},"content":{"rendered":"\n<p>D\u00e9couvrez l\u2019actualit\u00e9 Famili\u2019Bulle du mois de mai.<\/p>\n\n\n\n<div class=\"wp-block-image\"><figure class=\"alignright is-resized\"><img loading=\"lazy\" src=\"https:\/\/mail.mouthiers-sur-boeme.fr\/service\/home\/~\/?auth=co&amp;loc=fr_FR&amp;id=47d157ac-49fc-452b-8aaa-f6eb7f3cba61:177206&amp;part=3\" alt=\"Une image contenant texte\n\nDescription g\u00e9n\u00e9r\u00e9e automatiquement\" width=\"219\" height=\"123\"\/><\/figure><\/div>\n\n\n\n<div class=\"wp-block-image\"><figure class=\"aligncenter is-resized\"><img loading=\"lazy\" src=\"https:\/\/mail.mouthiers-sur-boeme.fr\/service\/home\/~\/?auth=co&amp;loc=fr_FR&amp;id=47d157ac-49fc-452b-8aaa-f6eb7f3cba61:177206&amp;part=2\" alt=\"Une image contenant texte, personne, capture d\u2019\u00e9cran\n\nDescription g\u00e9n\u00e9r\u00e9e automatiquement\" width=\"169\" height=\"241\"\/><\/figure><\/div>\n\n\n\n<div class=\"wp-block-image\"><figure class=\"alignright is-resized\"><img loading=\"lazy\" src=\"https:\/\/mail.mouthiers-sur-boeme.fr\/service\/home\/~\/?auth=co&amp;loc=fr_FR&amp;id=47d157ac-49fc-452b-8aaa-f6eb7f3cba61:177206&amp;part=4\" alt=\"Une image contenant texte\n\nDescription g\u00e9n\u00e9r\u00e9e automatiquement\" width=\"136\" height=\"193\"\/><\/figure><\/div>\n\n\n\n<p>&nbsp;&nbsp;&nbsp;&nbsp;&nbsp;&nbsp;&nbsp;&nbsp;&nbsp;&nbsp;&nbsp;&nbsp;&nbsp;&nbsp;&nbsp; <a rel=\"noreferrer noopener\" href=\"https:\/\/www.caf.fr\/sites\/default\/files\/medias\/161\/Allocataires\/Vie%20personnelle\/Vie%20personnelle\/Famili'Bulle\/Programmation\/Affichage-Mai.pdf\" target=\"_blank\"><\/a>&nbsp;&nbsp;&nbsp;&nbsp;&nbsp;&nbsp;&nbsp;&nbsp;&nbsp;&nbsp;&nbsp;&nbsp;&nbsp;&nbsp;&nbsp;&nbsp;&nbsp;&nbsp; <a rel=\"noreferrer noopener\" href=\"https:\/\/www.facebook.com\/events\/1388933741902201?ref=newsfeed\" target=\"_blank\"><\/a>&nbsp;&nbsp;&nbsp;&nbsp;&nbsp;&nbsp;&nbsp;&nbsp;&nbsp;&nbsp;&nbsp;&nbsp;&nbsp;&nbsp;&nbsp; <a rel=\"noreferrer noopener\" href=\"https:\/\/www.facebook.com\/events\/606427791359213?ref=newsfeed\" target=\"_blank\"><\/a>&nbsp;&nbsp; &nbsp;&nbsp;&nbsp;&nbsp;&nbsp;&nbsp;&nbsp;&nbsp;&nbsp;&nbsp;&nbsp;&nbsp;&nbsp;&nbsp;&nbsp; <a rel=\"noreferrer noopener\" href=\"https:\/\/www.udaf16.org\/2023\/04\/26\/journee-des-familles-a-famili-bulle\/\" target=\"_blank\"><\/a><\/p>\n\n\n\n<figure class=\"wp-block-image size-large\"><a href=\"https:\/\/www.mouthiers-sur-boeme.fr\/wp-content\/uploads\/2023\/05\/Affichage-Mai.png\"><img loading=\"lazy\" width=\"1024\" height=\"724\" src=\"https:\/\/www.mouthiers-sur-boeme.fr\/wp-content\/uploads\/2023\/05\/Affichage-Mai-1024x724.png\" alt=\"\" class=\"wp-image-9737\" srcset=\"https:\/\/www.mouthiers-sur-boeme.fr\/wp-content\/uploads\/2023\/05\/Affichage-Mai-1024x724.png 1024w, https:\/\/www.mouthiers-sur-boeme.fr\/wp-content\/uploads\/2023\/05\/Affichage-Mai-300x212.png 300w, https:\/\/www.mouthiers-sur-boeme.fr\/wp-content\/uploads\/2023\/05\/Affichage-Mai-768x543.png 768w, https:\/\/www.mouthiers-sur-boeme.fr\/wp-content\/uploads\/2023\/05\/Affichage-Mai.png 1169w\" sizes=\"(max-width: 1024px) 100vw, 1024px\" \/><\/a><\/figure>\n\n\n\n<h6 class=\"has-text-align-center\">CLIQUEZ SUR L&rsquo;IMAGE POUR EN SAVOIR PLUS<\/h6>\n\n\n\n<figure class=\"wp-block-embed is-type-wp-embed is-provider-udaf-16 wp-block-embed-udaf-16\"><div class=\"wp-block-embed__wrapper\">\n<blockquote class=\"wp-embedded-content\" data-secret=\"zYTdRzi3uh\"><a href=\"https:\/\/www.udaf16.org\/2023\/04\/26\/journee-des-familles-a-famili-bulle\/\">Journ\u00e9e des Familles \u00e0 Famili Bulle<\/a><\/blockquote><iframe class=\"wp-embedded-content\" sandbox=\"allow-scripts\" security=\"restricted\" style=\"position: absolute; clip: rect(1px, 1px, 1px, 1px);\" title=\"\u00ab\u00a0Journ\u00e9e des Familles \u00e0 Famili Bulle\u00a0\u00bb &#8212; UDAF 16\" src=\"https:\/\/www.udaf16.org\/2023\/04\/26\/journee-des-familles-a-famili-bulle\/embed\/#?secret=N4OAhDZzmM#?secret=zYTdRzi3uh\" data-secret=\"zYTdRzi3uh\" width=\"474\" height=\"267\" frameborder=\"0\" marginwidth=\"0\" marginheight=\"0\" scrolling=\"no\"><\/iframe>\n<\/div><\/figure>\n\n\n\n<p><a rel=\"noreferrer noopener\" href=\"https:\/\/familibulle.fr\/\" data-type=\"URL\" data-id=\"https:\/\/familibulle.fr\/\" target=\"_blank\">SITE FAMILI&rsquo;BULLE ICI<\/a><\/p>\n","protected":false},"excerpt":{"rendered":"<p>D\u00e9couvrez l\u2019actualit\u00e9 Famili\u2019Bulle du mois de mai. &nbsp;&nbsp;&nbsp;&nbsp;&nbsp;&nbsp;&nbsp;&nbsp;&nbsp;&nbsp;&nbsp;&nbsp;&nbsp;&nbsp;&nbsp; &nbsp;&nbsp;&nbsp;&nbsp;&nbsp;&nbsp;&nbsp;&nbsp;&nbsp;&nbsp;&nbsp;&nbsp;&nbsp;&nbsp;&nbsp;&nbsp;&nbsp;&nbsp; &nbsp;&nbsp;&nbsp;&nbsp;&nbsp;&nbsp;&nbsp;&nbsp;&nbsp;&nbsp;&nbsp;&nbsp;&nbsp;&nbsp;&nbsp; &nbsp;&nbsp; &nbsp;&nbsp;&nbsp;&nbsp;&nbsp;&nbsp;&nbsp;&nbsp;&nbsp;&nbsp;&nbsp;&nbsp;&nbsp;&nbsp;&nbsp; CLIQUEZ SUR L&rsquo;IMAGE POUR EN SAVOIR PLUS SITE FAMILI&rsquo;BULLE ICI<\/p>\n","protected":false},"author":22,"featured_media":9739,"comment_status":"open","ping_status":"open","sticky":false,"template":"","format":"standard","meta":[],"categories":[104],"tags":[],"_links":{"self":[{"href":"https:\/\/www.mouthiers-sur-boeme.fr\/index.php?rest_route=\/wp\/v2\/posts\/9727"}],"collection":[{"href":"https:\/\/www.mouthiers-sur-boeme.fr\/index.php?rest_route=\/wp\/v2\/posts"}],"about":[{"href":"https:\/\/www.mouthiers-sur-boeme.fr\/index.php?rest_route=\/wp\/v2\/types\/post"}],"author":[{"embeddable":true,"href":"https:\/\/www.mouthiers-sur-boeme.fr\/index.php?rest_route=\/wp\/v2\/users\/22"}],"replies":[{"embeddable":true,"href":"https:\/\/www.mouthiers-sur-boeme.fr\/index.php?rest_route=%2Fwp%2Fv2%2Fcomments&post=9727"}],"version-history":[{"count":6,"href":"https:\/\/www.mouthiers-sur-boeme.fr\/index.php?rest_route=\/wp\/v2\/posts\/9727\/revisions"}],"predecessor-version":[{"id":9738,"href":"https:\/\/www.mouthiers-sur-boeme.fr\/index.php?rest_route=\/wp\/v2\/posts\/9727\/revisions\/9738"}],"wp:featuredmedia":[{"embeddable":true,"href":"https:\/\/www.mouthiers-sur-boeme.fr\/index.php?rest_route=\/wp\/v2\/media\/9739"}],"wp:attachment":[{"href":"https:\/\/www.mouthiers-sur-boeme.fr\/index.php?rest_route=%2Fwp%2Fv2%2Fmedia&parent=9727"}],"wp:term":[{"taxonomy":"category","embeddable":true,"href":"https:\/\/www.mouthiers-sur-boeme.fr\/index.php?rest_route=%2Fwp%2Fv2%2Fcategories&post=9727"},{"taxonomy":"post_tag","embeddable":true,"href":"https:\/\/www.mouthiers-sur-boeme.fr\/index.php?rest_route=%2Fwp%2Fv2%2Ftags&post=9727"}],"curies":[{"name":"wp","href":"https:\/\/api.w.org\/{rel}","templated":true}]}}