{"id":9741,"date":"2023-05-17T09:10:31","date_gmt":"2023-05-17T08:10:31","guid":{"rendered":"https:\/\/www.mouthiers-sur-boeme.fr\/?p=9741"},"modified":"2023-08-24T15:25:10","modified_gmt":"2023-08-24T14:25:10","slug":"fete-de-la-nature-a-mouthiers","status":"publish","type":"post","link":"https:\/\/www.mouthiers-sur-boeme.fr\/?p=9741","title":{"rendered":"f\u00eate de la nature \u00e0 mouthiers"},"content":{"rendered":"\n<p class=\"has-text-align-center has-green-color has-light-gray-background-color has-text-color has-background has-large-font-size\"><strong>Mercredi 24 Mai<\/strong> <\/p>\n\n\n\n<p class=\"has-text-align-center\"><strong>De 14h \u00e0 17h <\/strong><\/p>\n\n\n\n<p class=\"has-text-align-center\"><strong>Route D103 de la Couronne en direction de Claix <\/strong><\/p>\n\n\n\n<p class=\"has-text-align-center\"><strong>Animation CETEF sur la biodiversit\u00e9 et la gestion des for\u00eats &#8211; sur inscription aupr\u00e8s du CETEF <a href=\"callto:05 45 69 23 27\">05 45 69 23 27<\/a> ou cetef16@orange.fr<\/strong><\/p>\n\n\n\n<figure class=\"wp-block-image size-large is-resized\"><a href=\"https:\/\/www.mouthiers-sur-boeme.fr\/wp-content\/uploads\/2023\/05\/AFFICHE-MOUTHIERS-FETE-DE-LA-NATURE-2023-CETEFv2.jpeg\"><img loading=\"lazy\" src=\"https:\/\/www.mouthiers-sur-boeme.fr\/wp-content\/uploads\/2023\/05\/AFFICHE-MOUTHIERS-FETE-DE-LA-NATURE-2023-CETEFv2-1024x576.jpeg\" alt=\"\" class=\"wp-image-9748\" width=\"958\" height=\"539\" srcset=\"https:\/\/www.mouthiers-sur-boeme.fr\/wp-content\/uploads\/2023\/05\/AFFICHE-MOUTHIERS-FETE-DE-LA-NATURE-2023-CETEFv2-1024x576.jpeg 1024w, https:\/\/www.mouthiers-sur-boeme.fr\/wp-content\/uploads\/2023\/05\/AFFICHE-MOUTHIERS-FETE-DE-LA-NATURE-2023-CETEFv2-300x169.jpeg 300w, https:\/\/www.mouthiers-sur-boeme.fr\/wp-content\/uploads\/2023\/05\/AFFICHE-MOUTHIERS-FETE-DE-LA-NATURE-2023-CETEFv2-768x432.jpeg 768w, https:\/\/www.mouthiers-sur-boeme.fr\/wp-content\/uploads\/2023\/05\/AFFICHE-MOUTHIERS-FETE-DE-LA-NATURE-2023-CETEFv2.jpeg 1333w\" sizes=\"(max-width: 958px) 100vw, 958px\" \/><\/a><\/figure>\n\n\n\n<p>CETEF Nouvelle-Aquitaine <a href=\"http:\/\/cetefnouvelle-aquitaine.org\/\" data-type=\"URL\" data-id=\"http:\/\/cetefnouvelle-aquitaine.org\/\" target=\"_blank\" rel=\"noreferrer noopener\">ICI<\/a><\/p>\n\n\n\n<p class=\"has-text-align-center has-green-color has-text-color has-large-font-size\"><strong>Mercredi 31 Mai<\/strong><\/p>\n\n\n\n<p class=\"has-text-align-center\"><strong> \u00c0 17h30<\/strong><\/p>\n\n\n\n<p class=\"has-text-align-center\"><strong>au chevet de l&rsquo;\u00e9glise<\/strong><\/p>\n\n\n\n<div class=\"wp-block-image\"><figure class=\"alignright size-large\"><a href=\"Les compagnons du v\u00e9g\u00e9tal ICI\" target=\"_blank\" rel=\"noopener\"><img loading=\"lazy\" width=\"427\" height=\"145\" src=\"https:\/\/www.mouthiers-sur-boeme.fr\/wp-content\/uploads\/2023\/05\/logo_compagnonsduvegetal.jpeg\" alt=\"\" class=\"wp-image-9755\" srcset=\"https:\/\/www.mouthiers-sur-boeme.fr\/wp-content\/uploads\/2023\/05\/logo_compagnonsduvegetal.jpeg 427w, https:\/\/www.mouthiers-sur-boeme.fr\/wp-content\/uploads\/2023\/05\/logo_compagnonsduvegetal-300x102.jpeg 300w\" sizes=\"(max-width: 427px) 100vw, 427px\" \/><\/a><figcaption>Les compagnons du v\u00e9g\u00e9tal <a rel=\"noreferrer noopener\" href=\"https:\/\/lescompagnonsduvegetal.fr\/\" target=\"_blank\">ICI<\/a><\/figcaption><\/figure><\/div>\n\n\n\n<p class=\"has-text-align-center\"><strong>Animation par les Compagnons du V\u00e9g\u00e9tal :  balade plantes sauvages et v\u00e9g\u00e9talisation des pieds de murs <\/strong><\/p>\n\n\n\n<div class=\"wp-block-image\"><figure class=\"alignright\"><img src=\"https:\/\/fetedelanature.com\/sites\/default\/files\/styles\/logo\/public\/organisateurs\/biodiversite_angouleme_logo_vertical2.jpg?itok=JQVBUU2Q\" alt=\"https:\/\/fetedelanature.com\/sites\/default\/files\/styles\/logo\/public\/organisateurs\/biodiversite_angouleme_logo_vertical2.jpg?itok=JQVBUU2Q\"\/><figcaption>plus d&rsquo;infos<a rel=\"noreferrer noopener\" href=\"https:\/\/fetedelanature.com\/edition-2023\/ensauvagez-vous-dans-les-rues-de-mouthiers\" target=\"_blank\"> ICI<\/a><\/figcaption><\/figure><\/div>\n\n\n\n<figure class=\"wp-block-image size-large is-resized\"><a href=\"https:\/\/www.mouthiers-sur-boeme.fr\/wp-content\/uploads\/2023\/05\/2305_AtlasBiodiversit\u0412-AfficheA3_FINAL-scaled.jpg\"><img loading=\"lazy\" src=\"https:\/\/www.mouthiers-sur-boeme.fr\/wp-content\/uploads\/2023\/05\/2305_AtlasBiodiversit\u0412-AfficheA3_FINAL-724x1024.jpg\" alt=\"\" class=\"wp-image-9769\" width=\"143\" height=\"202\" srcset=\"https:\/\/www.mouthiers-sur-boeme.fr\/wp-content\/uploads\/2023\/05\/2305_AtlasBiodiversit\u0412-AfficheA3_FINAL-724x1024.jpg 724w, https:\/\/www.mouthiers-sur-boeme.fr\/wp-content\/uploads\/2023\/05\/2305_AtlasBiodiversit\u0412-AfficheA3_FINAL-212x300.jpg 212w, https:\/\/www.mouthiers-sur-boeme.fr\/wp-content\/uploads\/2023\/05\/2305_AtlasBiodiversit\u0412-AfficheA3_FINAL-768x1086.jpg 768w, https:\/\/www.mouthiers-sur-boeme.fr\/wp-content\/uploads\/2023\/05\/2305_AtlasBiodiversit\u0412-AfficheA3_FINAL-1086x1536.jpg 1086w, https:\/\/www.mouthiers-sur-boeme.fr\/wp-content\/uploads\/2023\/05\/2305_AtlasBiodiversit\u0412-AfficheA3_FINAL-1448x2048.jpg 1448w, https:\/\/www.mouthiers-sur-boeme.fr\/wp-content\/uploads\/2023\/05\/2305_AtlasBiodiversit\u0412-AfficheA3_FINAL-scaled.jpg 1810w\" sizes=\"(max-width: 143px) 100vw, 143px\" \/><\/a><figcaption>Plus d&rsquo;infos ICI<\/figcaption><\/figure>\n\n\n\n<p>Les compagnons du v\u00e9g\u00e9tal <a href=\"https:\/\/lescompagnonsduvegetal.fr\/\" data-type=\"URL\" data-id=\"https:\/\/lescompagnonsduvegetal.fr\/\" target=\"_blank\" rel=\"noreferrer noopener\">ICI<\/a><\/p>\n\n\n\n<p><a href=\"https:\/\/www.facebook.com\/events\/1209227523113910\/?ref=newsfeed\" data-type=\"URL\" data-id=\"https:\/\/www.facebook.com\/events\/1209227523113910\/?ref=newsfeed\" target=\"_blank\" rel=\"noreferrer noopener\">Page Facebook<\/a><\/p>\n\n\n\n<p class=\"has-text-align-center has-green-color has-text-color has-large-font-size\"><strong>Samedi 3 Juin <\/strong><\/p>\n\n\n\n<p class=\"has-text-align-center\"><strong>\u00e0 17h30 \u00e0 la Mairie <\/strong><\/p>\n\n\n\n<p class=\"has-text-align-center\"><strong> Identification des oiseaux&nbsp;<\/strong><\/p>\n\n\n\n<p>PROGRAMME pr\u00e8s de chez nous <a href=\"https:\/\/fetedelanature.com\/programme-complet?vue=mosaique&amp;date=all&amp;cp=16440\" target=\"_blank\" rel=\"noreferrer noopener\">ICI<\/a><\/p>\n\n\n\n<div class=\"wp-block-image\"><figure class=\"aligncenter size-large\"><a href=\"https:\/\/www.mouthiers-sur-boeme.fr\/wp-content\/uploads\/2023\/05\/Affiche-jpegFDLN-MOUTHIERS2023.jpeg\"><img loading=\"lazy\" width=\"724\" height=\"1024\" src=\"https:\/\/www.mouthiers-sur-boeme.fr\/wp-content\/uploads\/2023\/05\/Affiche-jpegFDLN-MOUTHIERS2023-724x1024.jpeg\" alt=\"\" class=\"wp-image-9746\" srcset=\"https:\/\/www.mouthiers-sur-boeme.fr\/wp-content\/uploads\/2023\/05\/Affiche-jpegFDLN-MOUTHIERS2023-724x1024.jpeg 724w, https:\/\/www.mouthiers-sur-boeme.fr\/wp-content\/uploads\/2023\/05\/Affiche-jpegFDLN-MOUTHIERS2023-212x300.jpeg 212w, https:\/\/www.mouthiers-sur-boeme.fr\/wp-content\/uploads\/2023\/05\/Affiche-jpegFDLN-MOUTHIERS2023-768x1087.jpeg 768w, https:\/\/www.mouthiers-sur-boeme.fr\/wp-content\/uploads\/2023\/05\/Affiche-jpegFDLN-MOUTHIERS2023.jpeg 826w\" sizes=\"(max-width: 724px) 100vw, 724px\" \/><\/a><\/figure><\/div>\n","protected":false},"excerpt":{"rendered":"<p>Mercredi 24 Mai De 14h \u00e0 17h Route D103 de la Couronne en direction de Claix Animation CETEF sur la biodiversit\u00e9 et la gestion des for\u00eats &#8211; sur inscription aupr\u00e8s du CETEF 05 45 69 23 27 ou cetef16@orange.fr CETEF Nouvelle-Aquitaine ICI Mercredi 31 Mai \u00c0 17h30 au chevet de l&rsquo;\u00e9glise Animation par les Compagnons &hellip; <a href=\"https:\/\/www.mouthiers-sur-boeme.fr\/?p=9741\" class=\"more-link\">Continuer la lecture de <span class=\"screen-reader-text\">f\u00eate de la nature \u00e0 mouthiers<\/span>  <span class=\"meta-nav\">&rarr;<\/span><\/a><\/p>\n","protected":false},"author":22,"featured_media":9742,"comment_status":"open","ping_status":"open","sticky":false,"template":"","format":"standard","meta":[],"categories":[4,106],"tags":[],"_links":{"self":[{"href":"https:\/\/www.mouthiers-sur-boeme.fr\/index.php?rest_route=\/wp\/v2\/posts\/9741"}],"collection":[{"href":"https:\/\/www.mouthiers-sur-boeme.fr\/index.php?rest_route=\/wp\/v2\/posts"}],"about":[{"href":"https:\/\/www.mouthiers-sur-boeme.fr\/index.php?rest_route=\/wp\/v2\/types\/post"}],"author":[{"embeddable":true,"href":"https:\/\/www.mouthiers-sur-boeme.fr\/index.php?rest_route=\/wp\/v2\/users\/22"}],"replies":[{"embeddable":true,"href":"https:\/\/www.mouthiers-sur-boeme.fr\/index.php?rest_route=%2Fwp%2Fv2%2Fcomments&post=9741"}],"version-history":[{"count":14,"href":"https:\/\/www.mouthiers-sur-boeme.fr\/index.php?rest_route=\/wp\/v2\/posts\/9741\/revisions"}],"predecessor-version":[{"id":9783,"href":"https:\/\/www.mouthiers-sur-boeme.fr\/index.php?rest_route=\/wp\/v2\/posts\/9741\/revisions\/9783"}],"wp:featuredmedia":[{"embeddable":true,"href":"https:\/\/www.mouthiers-sur-boeme.fr\/index.php?rest_route=\/wp\/v2\/media\/9742"}],"wp:attachment":[{"href":"https:\/\/www.mouthiers-sur-boeme.fr\/index.php?rest_route=%2Fwp%2Fv2%2Fmedia&parent=9741"}],"wp:term":[{"taxonomy":"category","embeddable":true,"href":"https:\/\/www.mouthiers-sur-boeme.fr\/index.php?rest_route=%2Fwp%2Fv2%2Fcategories&post=9741"},{"taxonomy":"post_tag","embeddable":true,"href":"https:\/\/www.mouthiers-sur-boeme.fr\/index.php?rest_route=%2Fwp%2Fv2%2Ftags&post=9741"}],"curies":[{"name":"wp","href":"https:\/\/api.w.org\/{rel}","templated":true}]}}