{"id":9758,"date":"2023-05-18T08:19:29","date_gmt":"2023-05-18T07:19:29","guid":{"rendered":"https:\/\/www.mouthiers-sur-boeme.fr\/?p=9758"},"modified":"2023-06-17T08:33:56","modified_gmt":"2023-06-17T07:33:56","slug":"jeudi-25-mai-20h30","status":"publish","type":"post","link":"https:\/\/www.mouthiers-sur-boeme.fr\/?p=9758","title":{"rendered":"Jeudi 25 mai 20h30"},"content":{"rendered":"\n<h1>Je verrai toujours vos visages<\/h1>\n\n\n\n<p>De <strong>Jeanne Herry<\/strong><br>Avec <strong>Ad\u00e8le Exarchopoulos, Dali Benssalah, Le\u00efla Bekhti<\/strong><br>Genre <strong>Drame<\/strong><br>Nationalit\u00e9 <strong>France<\/strong><br>Dur\u00e9e <strong>1h 58<\/strong><\/p>\n\n\n\n<p><a href=\"https:\/\/www.crcatb.fr\/films-cinema-charente-crcatb\/article\/je-verrai-toujours-vos-visages\" data-type=\"URL\" data-id=\"https:\/\/www.crcatb.fr\/films-cinema-charente-crcatb\/article\/je-verrai-toujours-vos-visages\" target=\"_blank\" rel=\"noreferrer noopener\">Bande annonce<\/a><\/p>\n\n\n\n<hr class=\"wp-block-separator\"\/>\n\n\n\n<p>Depuis 2014, en France, la Justice Restaurative propose \u00e0 des personnes victimes et auteurs d\u2019infraction de dialoguer dans des dispositifs s\u00e9curis\u00e9s, encadr\u00e9s par des professionnels et des b\u00e9n\u00e9voles comme Judith, Fanny ou Michel.<\/p>\n\n\n\n<p>Nassim, Issa, et Thomas, condamn\u00e9s pour vols avec violence, Gr\u00e9goire, Nawelle et Sabine, victimes de homejacking, de braquages et de vol \u00e0 l\u2019arrach\u00e9, mais aussi Chlo\u00e9, victime de viols incestueux, s\u2019engagent tous dans des mesures de Justice Restaurative.<\/p>\n\n\n\n<p>Sur leur parcours, il y a de la col\u00e8re et de l\u2019espoir, des silences et des mots, des alliances et des d\u00e9chirements, des prises de conscience et de la con\ufb01ance retrouv\u00e9e\u2026 Et au bout du chemin, parfois, la r\u00e9paration&#8230;<\/p>\n\n\n\n<p class=\"has-text-align-center has-text-color\" style=\"color:#cf114a\"><strong>Bient\u00f4t sur votre \u00e9cran pr\u00e9f\u00e9r\u00e9<\/strong><\/p>\n\n\n\n<p class=\"has-text-align-center\"><strong>jeudi 8 juin<\/strong> \u00e0&nbsp;20h30 <a href=\"https:\/\/www.crcatb.fr\/films-cinema-charente-crcatb\/article\/l-etabli\">L\u2019\u00c9tabli<\/a><\/p>\n","protected":false},"excerpt":{"rendered":"<p>Je verrai toujours vos visages De Jeanne HerryAvec Ad\u00e8le Exarchopoulos, Dali Benssalah, Le\u00efla BekhtiGenre DrameNationalit\u00e9 FranceDur\u00e9e 1h 58 Bande annonce Depuis 2014, en France, la Justice Restaurative propose \u00e0 des personnes victimes et auteurs d\u2019infraction de dialoguer dans des dispositifs s\u00e9curis\u00e9s, encadr\u00e9s par des professionnels et des b\u00e9n\u00e9voles comme Judith, Fanny ou Michel. Nassim, Issa, &hellip; <a href=\"https:\/\/www.mouthiers-sur-boeme.fr\/?p=9758\" class=\"more-link\">Continuer la lecture de <span class=\"screen-reader-text\">Jeudi 25 mai 20h30<\/span>  <span class=\"meta-nav\">&rarr;<\/span><\/a><\/p>\n","protected":false},"author":22,"featured_media":0,"comment_status":"open","ping_status":"open","sticky":false,"template":"","format":"standard","meta":[],"categories":[65,71],"tags":[],"_links":{"self":[{"href":"https:\/\/www.mouthiers-sur-boeme.fr\/index.php?rest_route=\/wp\/v2\/posts\/9758"}],"collection":[{"href":"https:\/\/www.mouthiers-sur-boeme.fr\/index.php?rest_route=\/wp\/v2\/posts"}],"about":[{"href":"https:\/\/www.mouthiers-sur-boeme.fr\/index.php?rest_route=\/wp\/v2\/types\/post"}],"author":[{"embeddable":true,"href":"https:\/\/www.mouthiers-sur-boeme.fr\/index.php?rest_route=\/wp\/v2\/users\/22"}],"replies":[{"embeddable":true,"href":"https:\/\/www.mouthiers-sur-boeme.fr\/index.php?rest_route=%2Fwp%2Fv2%2Fcomments&post=9758"}],"version-history":[{"count":2,"href":"https:\/\/www.mouthiers-sur-boeme.fr\/index.php?rest_route=\/wp\/v2\/posts\/9758\/revisions"}],"predecessor-version":[{"id":9760,"href":"https:\/\/www.mouthiers-sur-boeme.fr\/index.php?rest_route=\/wp\/v2\/posts\/9758\/revisions\/9760"}],"wp:attachment":[{"href":"https:\/\/www.mouthiers-sur-boeme.fr\/index.php?rest_route=%2Fwp%2Fv2%2Fmedia&parent=9758"}],"wp:term":[{"taxonomy":"category","embeddable":true,"href":"https:\/\/www.mouthiers-sur-boeme.fr\/index.php?rest_route=%2Fwp%2Fv2%2Fcategories&post=9758"},{"taxonomy":"post_tag","embeddable":true,"href":"https:\/\/www.mouthiers-sur-boeme.fr\/index.php?rest_route=%2Fwp%2Fv2%2Ftags&post=9758"}],"curies":[{"name":"wp","href":"https:\/\/api.w.org\/{rel}","templated":true}]}}