{"id":9792,"date":"2023-05-24T09:52:10","date_gmt":"2023-05-24T08:52:10","guid":{"rendered":"https:\/\/www.mouthiers-sur-boeme.fr\/?p=9792"},"modified":"2023-08-29T09:12:11","modified_gmt":"2023-08-29T08:12:11","slug":"informations-animations-sorties","status":"publish","type":"post","link":"https:\/\/www.mouthiers-sur-boeme.fr\/?p=9792","title":{"rendered":"informations sorties soir\u00e9es jeunes et familles"},"content":{"rendered":"\n<div class=\"wp-block-image\"><figure class=\"aligncenter size-large\"><a href=\"https:\/\/www.mouthiers-sur-boeme.fr\/wp-content\/uploads\/2023\/05\/Aides-Vacances-2023_v1.jpg\"><img loading=\"lazy\" width=\"652\" height=\"949\" src=\"https:\/\/www.mouthiers-sur-boeme.fr\/wp-content\/uploads\/2023\/05\/Aides-Vacances-2023_v1.jpg\" alt=\"\" class=\"wp-image-9794\" srcset=\"https:\/\/www.mouthiers-sur-boeme.fr\/wp-content\/uploads\/2023\/05\/Aides-Vacances-2023_v1.jpg 652w, https:\/\/www.mouthiers-sur-boeme.fr\/wp-content\/uploads\/2023\/05\/Aides-Vacances-2023_v1-206x300.jpg 206w\" sizes=\"(max-width: 652px) 100vw, 652px\" \/><\/a><\/figure><\/div>\n\n\n\n<div class=\"wp-block-image\"><figure class=\"alignright size-large is-resized\"><a href=\"https:\/\/www.mouthiers-sur-boeme.fr\/wp-content\/uploads\/2023\/05\/Soirees_Ah-Social_23_v3.jpg\"><img loading=\"lazy\" src=\"https:\/\/www.mouthiers-sur-boeme.fr\/wp-content\/uploads\/2023\/05\/Soirees_Ah-Social_23_v3.jpg\" alt=\"\" class=\"wp-image-9795\" width=\"564\" height=\"796\" srcset=\"https:\/\/www.mouthiers-sur-boeme.fr\/wp-content\/uploads\/2023\/05\/Soirees_Ah-Social_23_v3.jpg 708w, https:\/\/www.mouthiers-sur-boeme.fr\/wp-content\/uploads\/2023\/05\/Soirees_Ah-Social_23_v3-212x300.jpg 212w\" sizes=\"(max-width: 564px) 100vw, 564px\" \/><\/a><\/figure><\/div>\n\n\n\n<div class=\"wp-block-image\"><figure class=\"alignleft size-large is-resized\"><a href=\"https:\/\/www.mouthiers-sur-boeme.fr\/wp-content\/uploads\/2023\/05\/journee_23juin23_SJ_v4.jpg\"><img loading=\"lazy\" src=\"https:\/\/www.mouthiers-sur-boeme.fr\/wp-content\/uploads\/2023\/05\/journee_23juin23_SJ_v4.jpg\" alt=\"\" class=\"wp-image-9793\" width=\"589\" height=\"832\" srcset=\"https:\/\/www.mouthiers-sur-boeme.fr\/wp-content\/uploads\/2023\/05\/journee_23juin23_SJ_v4.jpg 637w, https:\/\/www.mouthiers-sur-boeme.fr\/wp-content\/uploads\/2023\/05\/journee_23juin23_SJ_v4-212x300.jpg 212w\" sizes=\"(max-width: 589px) 100vw, 589px\" \/><\/a><\/figure><\/div>\n\n\n\n<div class=\"wp-block-image\"><figure class=\"alignright size-large is-resized\"><a href=\"https:\/\/www.mouthiers-sur-boeme.fr\/wp-content\/uploads\/2023\/05\/Soiree_7juillet23_v2.jpg\"><img loading=\"lazy\" src=\"https:\/\/www.mouthiers-sur-boeme.fr\/wp-content\/uploads\/2023\/05\/Soiree_7juillet23_v2.jpg\" alt=\"\" class=\"wp-image-9796\" width=\"576\" height=\"814\" srcset=\"https:\/\/www.mouthiers-sur-boeme.fr\/wp-content\/uploads\/2023\/05\/Soiree_7juillet23_v2.jpg 707w, https:\/\/www.mouthiers-sur-boeme.fr\/wp-content\/uploads\/2023\/05\/Soiree_7juillet23_v2-212x300.jpg 212w\" sizes=\"(max-width: 576px) 100vw, 576px\" \/><\/a><\/figure><\/div>\n\n\n\n<p><\/p>\n\n\n\n<p class=\"has-text-align-center has-text-color\" style=\"color:#a3000d;font-size:28px\"><strong>Ev\u00e9nements culturels et animations<\/strong><\/p>\n\n\n\n<p class=\"has-text-align-center has-medium-font-size\"><strong>\u00ab&nbsp;Les rendez- vous culturels d\u2019Effervescentre&nbsp;\u00bb<\/strong><\/p>\n\n\n\n<p><strong>Mardi 27 juin 2023 <\/strong>au Mus\u00e9e du papier \u00e0 18h, visite de l\u2019artoth\u00e8que, visite guid\u00e9e \u201cFormat(s) hors Format \u201c. Inscription obligatoire aupr\u00e8s d\u2019Effervescentre au 05 45 67 84 38<\/p>\n\n\n\n<p><strong>M\u00e9li-M\u00e9lo \/ Sireuil<\/strong><\/p>\n\n\n\n<p><strong>Samedi<\/strong><strong>10 juin 2023<\/strong> sur les quais du halage \u00e0 Sireuil<\/p>\n\n\n\n<p>Partager un \u00e9v\u00e9nement collectif et de loisir en famille<\/p>\n\n\n\n<p>Ouverture et accueil du public 10 h &#8211; Restauration Food Truck sur place.<\/p>\n\n\n\n<p><strong>Expo artistique au Centre Social effervescentre<\/strong><\/p>\n\n\n\n<p><strong>Exposition de peintures \u201cJuste pour r\u00eaver\u201d de Catherine Genaud du 12 au 23 juin 2023<\/strong><\/p>\n\n\n\n<p>Vernissage le vendredi 12 juin \u00e0 18h.<\/p>\n\n\n\n<p><strong>Soleils de l\u2019\u00e9t\u00e9 2023<\/strong><\/p>\n\n\n\n<p>Randonn\u00e9es d\u00e9gustations \/ spectacles<\/p>\n\n\n\n<p>Du 8 juillet au 4 ao\u00fbt 2023<\/p>\n\n\n\n<p><strong>Samedi 8 juillet<\/strong> \u00e0 partir de 18h, au pont de Sireuil, chemin du halage, march\u00e9 de producteurs, marche gourmande suivie d\u2019un concert \u00e0 19h30 \u201cLes cagettes de l\u2019ouest\u201d.<\/p>\n\n\n\n<p><strong>Mardi 11 juillet<\/strong> \u00e0 20h30 \u00e0 Claix, \u00e0 l\u2019espace 2011, balade spectacle \u201cTurbulences et autres trous d&rsquo;air\u201d, ap\u00e9ro festif, inscription obligatoire.<\/p>\n\n\n\n<p><strong>Vendredi 21 juillet<\/strong> \u00e0 partir de 17h30, \u00e0 la salle omnisports de Sireuil, d\u00e9part de la randonn\u00e9e \u00e0 18h, inscription obligatoire. Places limit\u00e9es \u00e0 80 personnes.<\/p>\n\n\n\n<p>20h spectacle organis\u00e9 dans le cadre des Soirs Bleus \u201cTout doit dispara\u00eetre\u201d. Monsieur Pif est un clown, il est seul au monde \u00e0 la recherche des petits bonheurs.<\/p>\n\n\n\n<p>21h30 repas, amenez vos couverts (verre, assiette, fourchette, couteau) tarif 12\u20ac<\/p>\n\n\n\n<p><strong>Samedi 22 juillet<\/strong>, au chevet de l\u2019\u00e9glise \u00e0 Mouthiers-sur-Bo\u00ebme \u00e0 partir de 18h15, d\u00e9part de la randonn\u00e9e avec Sentiers de Bo\u00ebme \u00e0 18h30, d\u00e9gustation 5\u20ac, inscription obligatoire.<\/p>\n\n\n\n<p>20h30 spectacle \u201cBAT\u201d de Greenpiste Records. Baptiste Giuliano alias BAT, \u00e9crit, compose et exp\u00e9rimente ses chansons dans une langue fran\u00e7aise affut\u00e9e et exigeante. En solo sur sc\u00e8ne dans une performance intense avec son accord\u00e9on, ses synth\u00e9s et autres samplers et s\u00e9quenceur. Inscription obligatoire.<\/p>\n\n\n\n<p><strong>Mercredi 26 juillet<\/strong>, \u00e0 c\u00f4t\u00e9 de l&rsquo;\u00e9glise de Plassac-Rouffiac, \u00e0 partir de 18h15, d\u00e9part de la randonn\u00e9e avec l\u2019APRA \u00e0 18h30, d\u00e9gustation 5\u20ac, inscription obligatoire.<\/p>\n\n\n\n<p>20h30 spectacle \u201cWalkin\u2019 with Django\u201d, ce trio de jazz manouche Angoumoisin avec Joan Delmont au violon, Octave Goul\u00e9e \u00e0 la guitare, Pascal Eliashberg au saxophone, rend hommage \u00e0 Django Reinhardt mais livre \u00e9galement un r\u00e9pertoire ponctu\u00e9 de chansons fran\u00e7aises revisit\u00e9es.<\/p>\n\n\n\n<p><strong>Vendredi 28 juillet<\/strong>, au centre social d\u2019Effervescentre, journ\u00e9e au jardin partag\u00e9 avec les enfants, animations autour des 5 sens avec le Relais Petite enfance et les accueils de loisirs.<\/p>\n\n\n\n<p>Atelier cr\u00e9ation de photos \u00e0 la chlorophylle, enfants et adultes \u00e0 15h, concours photos amateurs \u201cMauvaises herbes\u201d. Inscription obligatoire. Places limit\u00e9es.<\/p>\n\n\n\n<p>Atelier de fabrication d\u2019instruments sonores parents\/enfants par la Fabrik\u2019Ecolozik \u00e0 17h, inscription obligatoire. Places limit\u00e9es.<\/p>\n\n\n\n<p>19h15, concert familial \u00e9lectro acoustique \u201cCamping sauvage\u201d. Philippe Egalit\u00e9 joue avec ses jouets sonores, Lionel Galletti boucle et mixe les sons avec ceux d\u2019ambiance extraits de sa discoth\u00e8que. Les deux artistes composent en temps r\u00e9el, forment un duo compl\u00e9mentaire. Sons sur les th\u00e9matiques de la mare, de la mer, de la ferme\u2026 Inscription obligatoire.<\/p>\n\n\n\n<p>Restauration Food truck sur place \u00e0 partir de 18h.<\/p>\n\n\n\n<p><strong>Vendredi 4 ao\u00fbt<\/strong> \u00e0 la base des Glamots, \u00e0 20h30, randonn\u00e9e semi nocturne, histoire des chaumes et des Meuli\u00e8res, inscription obligatoire sur le site de l\u2019Et\u00e9 actif et solidaire ou aupr\u00e8s d\u2019Effervescentre au 05 45 67 84 38.<\/p>\n\n\n\n<p>22h15 cin\u00e9 plein air \u00e0 la base des Glamots, court m\u00e9trage \u201cPussy Boo\u201d ou \u201cM\u00e9sozo\u00efque alternatif\u201d.<\/p>\n\n\n\n<p>22h30 projection \u201cen corps\u201d de C\u00e9dric Klapisch.<\/p>\n\n\n\n<p>Les inscriptions obligatoires se font aupr\u00e8s du Centre social Effervescentre au 05 45 67 84 38<\/p>\n\n\n\n<p><strong>Accueil de loisirs \u00e9t\u00e9 2023<\/strong><\/p>\n\n\n\n<p><strong>Du 10 juillet au 18 ao\u00fbt 2023<\/strong><\/p>\n\n\n\n<p>Du 10 au 28 juillet accueil sur les communes de Roullet et Mouthiers<\/p>\n\n\n\n<p>Du 31 juillet au 4 ao\u00fbt accueil sur la Plassac (pour 16 enfants)<\/p>\n\n\n\n<p>Du 31 juillet au 18 ao\u00fbt accueil sur Trois-Palis<\/p>\n\n\n\n<p><strong>Ouverture des inscriptions le lundi 12 juin<\/strong> <strong>2023<\/strong> via l\u2019espace famille<\/p>\n\n\n\n<p><strong>Ev\u00e9nements Jeunesse<\/strong><\/p>\n\n\n\n<p><strong>Soir\u00e9es jeunes<\/strong><\/p>\n\n\n\n<p><strong>Vendredi 23 juin<\/strong> \u00e0 partir de 17h30, <strong>sortie \u00e0 Easy Rider Parc \u00e0 Saintes<\/strong>, au programme, laser game, mini-golf et restaurant. Repas non pris en charge.<\/p>\n\n\n\n<p><strong>Vendredi 7 juillet<\/strong> \u00e0 partir de 17h30, <strong>sortie au Laser game \u00e9volution<\/strong> \u00e0 Angoul\u00eame et pizza.<\/p>\n\n\n\n<p>Organis\u00e9es par le secteur jeunes, pour les 11-17 ans \u00e0 partir de la 6\u00e8me, navette au d\u00e9part des coll\u00e8ges de Saint-Michel (17h30), La Couronne (17h) et Blanzac (17h).<\/p>\n\n\n\n<p>Tarif selon quotient familial, forfait annuel + prix de l\u2019activit\u00e9 + pizza + adh\u00e9sion 3\u20ac\/an. Inscription via l\u2019espace famille.<\/p>\n\n\n\n<p>Renseignements par mail ou t\u00e9l\u00e9phone : <a href=\"mailto:jeunes@effervescentre.fr\"><u>jeunes@effervescentre.fr<\/u><\/a> ou 07 70 14 67 53.<\/p>\n\n\n\n<p><strong>Ev\u00e8nements familles<\/strong><\/p>\n\n\n\n<p><strong>Rencontres smoothies<\/strong><\/p>\n\n\n\n<p>Le P\u00f4le social propose une rencontre smoothie avec les parents d\u2019\u00e9l\u00e8ves \u00e0 la sortie des \u00e9coles, sur les diff\u00e9rentes communes. L\u2019occasion de partager un moment convivial, d\u2019\u00e9changer et d\u2019informer les parents sur les \u00e9v\u00e9nements de l\u2019\u00e9t\u00e9 port\u00e9s propos\u00e9s par Effervescentre.<\/p>\n\n\n\n<ul><li><strong>Jeudi 8 juin<\/strong> \u00e0 Trois-Palis \u00e0 16h45<\/li><li><strong>Lundi 12 juin<\/strong> \u00e0 Sireuil \u00e0 16h30<\/li><li><strong>Mardi 13 juin<\/strong> \u00e0 Mouthiers-sur-Bo\u00ebme \u00e0 16h30<\/li><li><strong>Jeudi 15 juin<\/strong> \u00e0 Claix \u00e0 16h15<\/li><li><strong>Vendredi 16 juin<\/strong> \u00e0 Roullet-St-Est\u00e8phe \u00e0 16h15<\/li><\/ul>\n\n\n\n<p><strong>Atelier parents \/ enfants<\/strong><\/p>\n\n\n\n<p>Atelier cr\u00e9atif en famille, parents\/enfants, grands parents\/enfants sur th\u00e9matiques (construction bois, jardinage, peinture, arts cr\u00e9atifs\u2026), de 14h \u00e0 16h \u00e0 Effervescentre \u00e0 Roullet-St-Est\u00e8phe.<\/p>\n\n\n\n<p>Adh\u00e9sion 3\u20ac\/an, sur inscription.<\/p>\n\n\n\n<p>1 mercredi 1 fois par mois, pour conna\u00eetre les dates et th\u00e9matiques des ateliers rendez-vous sur notre page Facebook ou contactez-nous au 05 45 67 84 39<\/p>\n\n\n\n<p><strong>Soir\u00e9es jeux \u201c@social\u201d en famille<\/strong><\/p>\n\n\n\n<p>Dans le cadre du REAAP et en partenariat avec le CIJ, Effervescentre vous propose des soir\u00e9es jeux en famille, de 17h30 \u00e0 20h30. 6 familles s&rsquo;affrontent sur un jeu de plateau d\u00e9di\u00e9 aux r\u00e9seaux sociaux et \u00e0 leur utilisation, les parents et leur(s) jeune(s) jouent en \u00e9quipe.<\/p>\n\n\n\n<p>Attention places limit\u00e9es, familles avec au moins un adolescent. Possibilit\u00e9 de transport, go\u00fbter offert.<\/p>\n\n\n\n<ul><li><strong>Vendredi 26 mai<\/strong> au local jeunes de Mouthiers-sur-Bo\u00ebme<\/li><li><strong>Vendredi 9 juin<\/strong> au local jeunes de Voeuil-et-Giget<\/li><li><strong>Vendredi 30 juin<\/strong> au local jeunes de Roullet-St-Est\u00e8phe<\/li><\/ul>\n\n\n\n<p>Inscription obligatoire \u00e0 partir du 17\/04, adh\u00e9sion 3\u20ac\/an. Renseignements au 05 45 67 84 38.<\/p>\n\n\n\n<p><strong>Programme famille \u00e9t\u00e9 2023<\/strong> du 10 au 28 juillet 2023<\/p>\n\n\n\n<p>Animations et sorties en famille, sur inscription.<\/p>\n\n\n\n<ul><li><strong>Samedi 10 juin 2023<\/strong>, Journ\u00e9e M\u00e9li M\u00e9lo de 10h \u00e0 18h \u00e0 Sireuil (sans inscription, entr\u00e9e libre)<\/li><li><strong>Mercredi 12 juillet 2023<\/strong>, Aventure Park de Massignac<\/li><li><strong>Mercredi 19 juillet 2023<\/strong>, Journ\u00e9e plage et visite de Royan<\/li><li><strong>Mercredi 26 juillet 2023<\/strong>, Vall\u00e9e des singes de Romange<\/li><li><strong>Vendredi 28 juillet<\/strong>, atelier la Fabrik\u2019Ecolozik au centre social<\/li><\/ul>\n\n\n\n<p>Pour toute informations et inscription contact P\u00f4le famille&nbsp;: Elsa Auxire 05 45 67 84 39 ou 06 86 28 15 44 <a href=\"mailto:social@effervescentre.fr\"><u>social@effervescentre.fr<\/u><\/a><\/p>\n\n\n\n<p><strong>Les ateliers et services du p\u00f4le social<\/strong><\/p>\n\n\n\n<p><strong>Atelier insertion pro<\/strong><\/p>\n\n\n\n<p>Animation Caf\u00e9 de l&#8217;emploi, ateliers th\u00e9matiques autour de la recherche d&#8217;emploi, adh\u00e9sion 3\u20ac\/an<\/p>\n\n\n\n<p><strong>Ateliers Entr&rsquo;aide<\/strong><\/p>\n\n\n\n<p>Pour sortir de l&rsquo;isolement et de la solitude, ateliers cuisine, ateliers cr\u00e9atifs, sorties collectives, rencontres conviviales, participation aux \u00e9v\u00e8nements du territoire, organisation semaine solidaire.<\/p>\n\n\n\n<p>Tous les mardis et jeudis apr\u00e8s-midi de 14h \u00e0 17h, adh\u00e9sion 3\u20ac\/an sur inscription.<\/p>\n\n\n\n<p><strong>Ateliers num\u00e9riques<\/strong><\/p>\n\n\n\n<p>\u00catre autonome sur son ordinateur, d\u00e9couvrir l&rsquo;ordinateur, faire une recherche internet, cr\u00e9er et utiliser une adresse email, mettre en page un texte, tous niveaux, cours collectifs ou individuels.<\/p>\n\n\n\n<p>Le jeudi et\/ou le vendredi, matin et\/ou apr\u00e8s-midi, sur inscription.<\/p>\n\n\n\n<p>Animatrice Margaux Ebel<\/p>\n\n\n\n<p>Tarif&nbsp;: 20\u20ac les 4 s\u00e9ances de 2h + adh\u00e9sion 3\u20ac<\/p>\n\n\n\n<p><strong>Espace France Service<\/strong><\/p>\n\n\n\n<p>Aide aux d\u00e9marches administratives li\u00e9es \u00e0 la vie quotidienne, carte grise, CARSAT, CAF, MSA, sur rendez-vous.<\/p>\n\n\n\n<ul><li><strong>Mardi 30 mai<\/strong> 2023 de 10 \u00e0 12h, atelier d\u2019aide au dossier retraite avec une conseill\u00e8re de la CARSAT sur inscription.<\/li><\/ul>\n\n\n\n<p>Pour toute informations et inscription contact P\u00f4le social&nbsp;: Elsa Auxire 05 45 67 84 38 ou 06 86 28 15 44 <a href=\"mailto:social@effervescentre.fr\"><u>social@effervescentre.fr<\/u><\/a><\/p>\n\n\n\n<p><strong>Coup d\u2019pouce Vie Asso<\/strong><\/p>\n\n\n\n<p>Effervescentre soutient les associations dont le si\u00e8ge social est situ\u00e9 sur les communes de Claix, Mouthiers-sur-Bo\u00ebme, Plassac-Rouffiac, Roullet-St-Est\u00e8phe, Sireuil, Trois-Palis et Voulg\u00e9zac.<\/p>\n\n\n\n<p>Pour 15\u20ac d\u2019adh\u00e9sion par an Effervescentre propose aux associations du territoire :<\/p>\n\n\n\n<ul><li><strong>Cr\u00e9ation de vos outils de communication<\/strong><\/li><li><strong>Pr\u00eat de mat\u00e9riels et v\u00e9hicules<\/strong><\/li><li><strong>Ateliers num\u00e9riques collectifs<\/strong><\/li><li><strong>Aide \u00e0 la construction de vos projets<\/strong><\/li><li><strong>Aide et conseils aux d\u00e9marches administratives<\/strong><\/li><li><strong>Caf\u00e9s associatifs<\/strong><\/li><\/ul>\n\n\n\n<p><strong>Ateliers num\u00e9riques collectifs<\/strong><\/p>\n\n\n\n<p>Ateliers anim\u00e9s par Margaux Ebel, conseill\u00e8re du num\u00e9rique.<\/p>\n\n\n\n<ul><li><strong>Lundi 5 juin<\/strong>, de 18h \u00e0 20h, \u201cInitiation \u00e0 l\u2019outil Canva\u201d dans les locaux d\u2019Effervescentre.<\/li><\/ul>\n\n\n\n<p>Inscription obligatoire aupr\u00e8s de Katia au 05 45 67 84 38 ou <a href=\"mailto:vieasso@effervescentre.fr\"><u>vieasso@effervescentre.fr<\/u><\/a>, places limit\u00e9es \u00e0 6 personnes.<\/p>\n\n\n\n<p>Ouvert \u00e0 tous les b\u00e9n\u00e9voles des associations du territoire. Adh\u00e9sion associative 15\u20ac\/an.<\/p>\n\n\n\n<p>Effervescentre est labellis\u00e9 GUID\u2019ASSO information.<\/p>\n\n\n\n<ul><li><strong>Accompagnement GUID\u2019ASSO des associations charentaises<\/strong><\/li><\/ul>\n\n\n\n<p>Pour tous renseignements contact Katia Antivilo au 05 45 67 84 38 &#8211; <a href=\"mailto:vieasso@effervescentre.fr\"><u>vieasso@effervescentre.fr<\/u><\/a><\/p>\n\n\n\n<p><strong>Assembl\u00e9e g\u00e9n\u00e9rale d\u2019Effervescentre<\/strong><\/p>\n\n\n\n<p><strong>Vendredi 2 juin 2023 \u00e0 partir de 18h<\/strong> \u00e0 la salle des f\u00eates de Plassac-Rouffiac<\/p>\n\n\n\n<p><strong>L\u2019\u00e9t\u00e9 actif et solidaire<\/strong><\/p>\n\n\n\n<p><strong>Du 10 juillet au 4 ao\u00fbt 2023<\/strong><\/p>\n\n\n\n<p>L\u2019Et\u00e9 actif et solidaire a pour objectif d\u2019offrir une pratique de loisirs de qualit\u00e9 \u00e0 ceux qui ne partent pas en vacances \u00e0 des tarifs solidaires (maximum 4\u20ac\/pers).<\/p>\n\n\n\n<p>Effervescentre est labellis\u00e9 par le D\u00e9partement \u201cEt\u00e9 Actif et Solidaire\u201d pour l\u2019ann\u00e9e 2023 pour coordonner les activit\u00e9s propos\u00e9es sur le territoire. Une cinquantaine d&rsquo;activit\u00e9s seront propos\u00e9es, des navettes gratuites seront mises en place pour les trajets hors territoire.<\/p>\n\n\n\n<p>La programmation est en cours de finalisation, les<strong> inscriptions<\/strong> seront ouvertes \u00e0 partir du <strong>19 juin 2023 <\/strong>via le site du D\u00e9partement <a href=\"https:\/\/eteactif16.lacharente.fr\/\"><u>https:\/\/eteactif16.lacharente.fr<\/u><\/a>.<\/p>\n\n\n\n<p><strong>Forum associatif<\/strong><\/p>\n\n\n\n<p><strong>Le 9 septembre 2023<\/strong> <strong>de 10h \u00e0 12h et de 14h30 \u00e0 17h<\/strong><\/p>\n\n\n\n<p>au complexe sportif des Glamots \u00e0 Roullet-St-Est\u00e8phe<\/p>\n\n\n\n<p><strong>Le 9 septembre 2023 de 9h \u00e0 12h30<\/strong><\/p>\n\n\n\n<p>\u00e0 la salle Gilles Ploquin \u00e0 Mouthiers-sur-Bo\u00ebme<\/p>\n\n\n\n<p>Les \u00e9v\u00e8nements, dates et horaires sont susceptibles d\u2019\u00eatre modifi\u00e9s.<\/p>\n","protected":false},"excerpt":{"rendered":"<p>Ev\u00e9nements culturels et animations \u00ab&nbsp;Les rendez- vous culturels d\u2019Effervescentre&nbsp;\u00bb Mardi 27 juin 2023 au Mus\u00e9e du papier \u00e0 18h, visite de l\u2019artoth\u00e8que, visite guid\u00e9e \u201cFormat(s) hors Format \u201c. Inscription obligatoire aupr\u00e8s d\u2019Effervescentre au 05 45 67 84 38 M\u00e9li-M\u00e9lo \/ Sireuil Samedi10 juin 2023 sur les quais du halage \u00e0 Sireuil Partager un \u00e9v\u00e9nement collectif &hellip; <a href=\"https:\/\/www.mouthiers-sur-boeme.fr\/?p=9792\" class=\"more-link\">Continuer la lecture de <span class=\"screen-reader-text\">informations sorties soir\u00e9es jeunes et familles<\/span>  <span class=\"meta-nav\">&rarr;<\/span><\/a><\/p>\n","protected":false},"author":22,"featured_media":9800,"comment_status":"open","ping_status":"open","sticky":false,"template":"","format":"standard","meta":[],"categories":[91],"tags":[],"_links":{"self":[{"href":"https:\/\/www.mouthiers-sur-boeme.fr\/index.php?rest_route=\/wp\/v2\/posts\/9792"}],"collection":[{"href":"https:\/\/www.mouthiers-sur-boeme.fr\/index.php?rest_route=\/wp\/v2\/posts"}],"about":[{"href":"https:\/\/www.mouthiers-sur-boeme.fr\/index.php?rest_route=\/wp\/v2\/types\/post"}],"author":[{"embeddable":true,"href":"https:\/\/www.mouthiers-sur-boeme.fr\/index.php?rest_route=\/wp\/v2\/users\/22"}],"replies":[{"embeddable":true,"href":"https:\/\/www.mouthiers-sur-boeme.fr\/index.php?rest_route=%2Fwp%2Fv2%2Fcomments&post=9792"}],"version-history":[{"count":3,"href":"https:\/\/www.mouthiers-sur-boeme.fr\/index.php?rest_route=\/wp\/v2\/posts\/9792\/revisions"}],"predecessor-version":[{"id":9802,"href":"https:\/\/www.mouthiers-sur-boeme.fr\/index.php?rest_route=\/wp\/v2\/posts\/9792\/revisions\/9802"}],"wp:featuredmedia":[{"embeddable":true,"href":"https:\/\/www.mouthiers-sur-boeme.fr\/index.php?rest_route=\/wp\/v2\/media\/9800"}],"wp:attachment":[{"href":"https:\/\/www.mouthiers-sur-boeme.fr\/index.php?rest_route=%2Fwp%2Fv2%2Fmedia&parent=9792"}],"wp:term":[{"taxonomy":"category","embeddable":true,"href":"https:\/\/www.mouthiers-sur-boeme.fr\/index.php?rest_route=%2Fwp%2Fv2%2Fcategories&post=9792"},{"taxonomy":"post_tag","embeddable":true,"href":"https:\/\/www.mouthiers-sur-boeme.fr\/index.php?rest_route=%2Fwp%2Fv2%2Ftags&post=9792"}],"curies":[{"name":"wp","href":"https:\/\/api.w.org\/{rel}","templated":true}]}}