{"id":9805,"date":"2023-06-03T09:27:02","date_gmt":"2023-06-03T08:27:02","guid":{"rendered":"https:\/\/www.mouthiers-sur-boeme.fr\/?p=9805"},"modified":"2023-06-18T10:54:50","modified_gmt":"2023-06-18T09:54:50","slug":"jeudi-8-juin","status":"publish","type":"post","link":"https:\/\/www.mouthiers-sur-boeme.fr\/?p=9805","title":{"rendered":"l&rsquo;\u00c9TABLI JEUDI 8 JUIN 20H30"},"content":{"rendered":"\n<h1>L\u2019\u00c9tabli<\/h1>\n\n\n\n<p>De <strong>Mathias Gokalp<\/strong><br>Avec <strong>Swann Arlaud, M\u00e9lanie Thierry, Denis Podalyd\u00e8s<\/strong><br>Genre <strong>Drame<\/strong><br>Nationalit\u00e9 <strong>France<\/strong><br>Dur\u00e9e <strong>1h 57<\/strong><\/p>\n\n\n\n<hr class=\"wp-block-separator\"\/>\n\n\n\n<p>Quelques mois apr\u00e8s mai 68, Robert, normalien et militant d\u2019extr\u00eame-gauche, d\u00e9cide de se faire embaucher chez Citro\u00ebn en tant que travailleur \u00e0 la cha\u00eene. Comme d\u2019autres de ses camarades , il veut s\u2019infiltrer en usine pour raviver le feu r\u00e9volutionnaire, mais la majorit\u00e9 des ouvriers ne veut plus entendre parler de politique. Quand Citro\u00ebn d\u00e9cide de se rembourser des accords de Grenelle en exigeant des ouvriers qu\u2019ils travaillent 3 heures suppl\u00e9mentaires par semaine \u00e0 titre gracieux, Robert et quelques autres entrevoient alors la possibilit\u00e9 d\u2019un mouvement social.<\/p>\n\n\n\n<p>L\u2019ETABLI est l\u2019adaptation de l\u2019illustre roman \u00e9ponyme de Robert Linhart.<\/p>\n\n\n\n<p><strong>BANDE ANNONCE<\/strong> <a href=\"https:\/\/www.crcatb.fr\/films-cinema-charente-crcatb\/article\/l-etabli\">L\u2019\u00c9tabli<\/a><\/p>\n","protected":false},"excerpt":{"rendered":"<p>L\u2019\u00c9tabli De Mathias GokalpAvec Swann Arlaud, M\u00e9lanie Thierry, Denis Podalyd\u00e8sGenre DrameNationalit\u00e9 FranceDur\u00e9e 1h 57 Quelques mois apr\u00e8s mai 68, Robert, normalien et militant d\u2019extr\u00eame-gauche, d\u00e9cide de se faire embaucher chez Citro\u00ebn en tant que travailleur \u00e0 la cha\u00eene. Comme d\u2019autres de ses camarades , il veut s\u2019infiltrer en usine pour raviver le feu r\u00e9volutionnaire, mais &hellip; <a href=\"https:\/\/www.mouthiers-sur-boeme.fr\/?p=9805\" class=\"more-link\">Continuer la lecture de <span class=\"screen-reader-text\">l&rsquo;\u00c9TABLI JEUDI 8 JUIN 20H30<\/span>  <span class=\"meta-nav\">&rarr;<\/span><\/a><\/p>\n","protected":false},"author":22,"featured_media":0,"comment_status":"open","ping_status":"open","sticky":false,"template":"","format":"standard","meta":[],"categories":[100,71],"tags":[],"_links":{"self":[{"href":"https:\/\/www.mouthiers-sur-boeme.fr\/index.php?rest_route=\/wp\/v2\/posts\/9805"}],"collection":[{"href":"https:\/\/www.mouthiers-sur-boeme.fr\/index.php?rest_route=\/wp\/v2\/posts"}],"about":[{"href":"https:\/\/www.mouthiers-sur-boeme.fr\/index.php?rest_route=\/wp\/v2\/types\/post"}],"author":[{"embeddable":true,"href":"https:\/\/www.mouthiers-sur-boeme.fr\/index.php?rest_route=\/wp\/v2\/users\/22"}],"replies":[{"embeddable":true,"href":"https:\/\/www.mouthiers-sur-boeme.fr\/index.php?rest_route=%2Fwp%2Fv2%2Fcomments&post=9805"}],"version-history":[{"count":3,"href":"https:\/\/www.mouthiers-sur-boeme.fr\/index.php?rest_route=\/wp\/v2\/posts\/9805\/revisions"}],"predecessor-version":[{"id":9809,"href":"https:\/\/www.mouthiers-sur-boeme.fr\/index.php?rest_route=\/wp\/v2\/posts\/9805\/revisions\/9809"}],"wp:attachment":[{"href":"https:\/\/www.mouthiers-sur-boeme.fr\/index.php?rest_route=%2Fwp%2Fv2%2Fmedia&parent=9805"}],"wp:term":[{"taxonomy":"category","embeddable":true,"href":"https:\/\/www.mouthiers-sur-boeme.fr\/index.php?rest_route=%2Fwp%2Fv2%2Fcategories&post=9805"},{"taxonomy":"post_tag","embeddable":true,"href":"https:\/\/www.mouthiers-sur-boeme.fr\/index.php?rest_route=%2Fwp%2Fv2%2Ftags&post=9805"}],"curies":[{"name":"wp","href":"https:\/\/api.w.org\/{rel}","templated":true}]}}