{"id":9824,"date":"2023-06-18T09:25:06","date_gmt":"2023-06-18T08:25:06","guid":{"rendered":"https:\/\/www.mouthiers-sur-boeme.fr\/?p=9824"},"modified":"2023-09-02T09:17:16","modified_gmt":"2023-09-02T08:17:16","slug":"4-marches-de-producteurs-de-pays","status":"publish","type":"post","link":"https:\/\/www.mouthiers-sur-boeme.fr\/?p=9824","title":{"rendered":"4 march\u00e9s de producteurs de pays"},"content":{"rendered":"\n<p>\u00c9t\u00e9 2023  : 2 en juillet et 2 en ao\u00fbt.<\/p>\n\n\n\n<p> La Chambre d&rsquo;Agriculture et la mairie de Mouthiers vous proposent une nouvelle fois de venir sur les quatre march\u00e9s de producteurs de pays :<\/p>\n\n\n\n<p>6 juillet : avec l&rsquo;association Tennis Club de Mouthiers et le groupe Alma Del Sur.<\/p>\n\n\n\n<p>20 juillet : l&rsquo;association Badminton et le groupe les Papys cool<\/p>\n\n\n\n<p>3 ao\u00fbt : Le Comit\u00e9 de Jumelage et Olive de Lux avec le groupe Paulinha trio et enfin <\/p>\n\n\n\n<p>17 ao\u00fbt le SCM Mouthier et All songs swing duo<\/p>\n\n\n\n<p><a href=\"https:\/\/www.marches-producteurs.com\/\" target=\"_blank\" rel=\"noreferrer noopener\">Plus d&rsquo;infos<\/a><\/p>\n\n\n\n<p>BEL \u00c9T\u00c9 A TOUTES ET TOUS<\/p>\n","protected":false},"excerpt":{"rendered":"<p>\u00c9t\u00e9 2023 : 2 en juillet et 2 en ao\u00fbt. La Chambre d&rsquo;Agriculture et la mairie de Mouthiers vous proposent une nouvelle fois de venir sur les quatre march\u00e9s de producteurs de pays : 6 juillet : avec l&rsquo;association Tennis Club de Mouthiers et le groupe Alma Del Sur. 20 juillet : l&rsquo;association Badminton et &hellip; <a href=\"https:\/\/www.mouthiers-sur-boeme.fr\/?p=9824\" class=\"more-link\">Continuer la lecture de <span class=\"screen-reader-text\">4 march\u00e9s de producteurs de pays<\/span>  <span class=\"meta-nav\">&rarr;<\/span><\/a><\/p>\n","protected":false},"author":22,"featured_media":9838,"comment_status":"open","ping_status":"open","sticky":false,"template":"","format":"standard","meta":[],"categories":[90,12],"tags":[],"_links":{"self":[{"href":"https:\/\/www.mouthiers-sur-boeme.fr\/index.php?rest_route=\/wp\/v2\/posts\/9824"}],"collection":[{"href":"https:\/\/www.mouthiers-sur-boeme.fr\/index.php?rest_route=\/wp\/v2\/posts"}],"about":[{"href":"https:\/\/www.mouthiers-sur-boeme.fr\/index.php?rest_route=\/wp\/v2\/types\/post"}],"author":[{"embeddable":true,"href":"https:\/\/www.mouthiers-sur-boeme.fr\/index.php?rest_route=\/wp\/v2\/users\/22"}],"replies":[{"embeddable":true,"href":"https:\/\/www.mouthiers-sur-boeme.fr\/index.php?rest_route=%2Fwp%2Fv2%2Fcomments&post=9824"}],"version-history":[{"count":2,"href":"https:\/\/www.mouthiers-sur-boeme.fr\/index.php?rest_route=\/wp\/v2\/posts\/9824\/revisions"}],"predecessor-version":[{"id":9839,"href":"https:\/\/www.mouthiers-sur-boeme.fr\/index.php?rest_route=\/wp\/v2\/posts\/9824\/revisions\/9839"}],"wp:featuredmedia":[{"embeddable":true,"href":"https:\/\/www.mouthiers-sur-boeme.fr\/index.php?rest_route=\/wp\/v2\/media\/9838"}],"wp:attachment":[{"href":"https:\/\/www.mouthiers-sur-boeme.fr\/index.php?rest_route=%2Fwp%2Fv2%2Fmedia&parent=9824"}],"wp:term":[{"taxonomy":"category","embeddable":true,"href":"https:\/\/www.mouthiers-sur-boeme.fr\/index.php?rest_route=%2Fwp%2Fv2%2Fcategories&post=9824"},{"taxonomy":"post_tag","embeddable":true,"href":"https:\/\/www.mouthiers-sur-boeme.fr\/index.php?rest_route=%2Fwp%2Fv2%2Ftags&post=9824"}],"curies":[{"name":"wp","href":"https:\/\/api.w.org\/{rel}","templated":true}]}}