{"id":9828,"date":"2023-06-18T09:40:30","date_gmt":"2023-06-18T08:40:30","guid":{"rendered":"https:\/\/www.mouthiers-sur-boeme.fr\/?p=9828"},"modified":"2023-08-31T09:24:09","modified_gmt":"2023-08-31T08:24:09","slug":"22-juillet-a-partir-de-18h30","status":"publish","type":"post","link":"https:\/\/www.mouthiers-sur-boeme.fr\/?p=9828","title":{"rendered":"22 JUILLET A PARTIR DE 18H30"},"content":{"rendered":"\n<div class=\"wp-block-image\"><figure class=\"aligncenter size-large is-resized\"><a href=\"https:\/\/www.mouthiers-sur-boeme.fr\/wp-content\/uploads\/2023\/06\/index.jpeg\"><img loading=\"lazy\" src=\"https:\/\/www.mouthiers-sur-boeme.fr\/wp-content\/uploads\/2023\/06\/index.jpeg\" alt=\"\" class=\"wp-image-9829\" width=\"269\" height=\"383\"\/><\/a><\/figure><\/div>\n\n\n\n<p class=\"has-text-align-center\" style=\"font-size:26px\"><strong>SOIRS BLEUS 2023<\/strong><\/p>\n\n\n\n<p class=\"has-text-align-center has-text-color\" style=\"color:#0020a3;font-size:24px\">20:30 AU CHEVET DE L&rsquo;\u00c9GLISE<\/p>\n\n\n\n<p>Cette ann\u00e9e Mouthiers accueille Baptiste GIULIANO alias BAT, avec son accord\u00e9on, ses synth\u00e9s, et autres samplers et s\u00e9quenceurs, coup de coeur de l&rsquo;Acad\u00e9mie Charles Cros<\/p>\n\n\n\n<p><a href=\"https:\/\/www.greenpiste-records.com\/artistes\/bat\/\" target=\"_blank\" rel=\"noreferrer noopener\">BAT<\/a><\/p>\n\n\n\n<p class=\"has-text-align-center has-text-color\" style=\"color:#ea0e12;font-size:24px\">ANIMATIONS D\u00c8S 18h<\/p>\n\n\n\n<p>Randonn\u00e9e organis\u00e9e dans le cadre des Soleils de l&rsquo;\u00e9t\u00e9 <\/p>\n\n\n\n<p>Atelier patrimoine organis\u00e9e avec le Pays d&rsquo;Art et d&rsquo;Histoire.<\/p>\n\n\n\n<p>Renseignements : mairie@mouthiers-sur-boeme.fr &#8211; 06 15 20 35 44 ou 05 45 67 92 20<\/p>\n\n\n\n<p><\/p>\n\n\n\n<p>Vous pouvez aussi consulter l&rsquo;int\u00e9gralit\u00e9 du programme des Soirs Bleus sur le site du Grand Angoul\u00eame    <a href=\"http:\/\/soirsbleus.grandangouleme.fr\/\" target=\"_blank\" rel=\"noreferrer noopener\"> ICI<\/a><\/p>\n\n\n\n<p><\/p>\n","protected":false},"excerpt":{"rendered":"<p>SOIRS BLEUS 2023 20:30 AU CHEVET DE L&rsquo;\u00c9GLISE Cette ann\u00e9e Mouthiers accueille Baptiste GIULIANO alias BAT, avec son accord\u00e9on, ses synth\u00e9s, et autres samplers et s\u00e9quenceurs, coup de coeur de l&rsquo;Acad\u00e9mie Charles Cros BAT ANIMATIONS D\u00c8S 18h Randonn\u00e9e organis\u00e9e dans le cadre des Soleils de l&rsquo;\u00e9t\u00e9 Atelier patrimoine organis\u00e9e avec le Pays d&rsquo;Art et d&rsquo;Histoire. &hellip; <a href=\"https:\/\/www.mouthiers-sur-boeme.fr\/?p=9828\" class=\"more-link\">Continuer la lecture de <span class=\"screen-reader-text\">22 JUILLET A PARTIR DE 18H30<\/span>  <span class=\"meta-nav\">&rarr;<\/span><\/a><\/p>\n","protected":false},"author":22,"featured_media":9834,"comment_status":"open","ping_status":"open","sticky":false,"template":"","format":"standard","meta":[],"categories":[85,12,82],"tags":[],"_links":{"self":[{"href":"https:\/\/www.mouthiers-sur-boeme.fr\/index.php?rest_route=\/wp\/v2\/posts\/9828"}],"collection":[{"href":"https:\/\/www.mouthiers-sur-boeme.fr\/index.php?rest_route=\/wp\/v2\/posts"}],"about":[{"href":"https:\/\/www.mouthiers-sur-boeme.fr\/index.php?rest_route=\/wp\/v2\/types\/post"}],"author":[{"embeddable":true,"href":"https:\/\/www.mouthiers-sur-boeme.fr\/index.php?rest_route=\/wp\/v2\/users\/22"}],"replies":[{"embeddable":true,"href":"https:\/\/www.mouthiers-sur-boeme.fr\/index.php?rest_route=%2Fwp%2Fv2%2Fcomments&post=9828"}],"version-history":[{"count":4,"href":"https:\/\/www.mouthiers-sur-boeme.fr\/index.php?rest_route=\/wp\/v2\/posts\/9828\/revisions"}],"predecessor-version":[{"id":9862,"href":"https:\/\/www.mouthiers-sur-boeme.fr\/index.php?rest_route=\/wp\/v2\/posts\/9828\/revisions\/9862"}],"wp:featuredmedia":[{"embeddable":true,"href":"https:\/\/www.mouthiers-sur-boeme.fr\/index.php?rest_route=\/wp\/v2\/media\/9834"}],"wp:attachment":[{"href":"https:\/\/www.mouthiers-sur-boeme.fr\/index.php?rest_route=%2Fwp%2Fv2%2Fmedia&parent=9828"}],"wp:term":[{"taxonomy":"category","embeddable":true,"href":"https:\/\/www.mouthiers-sur-boeme.fr\/index.php?rest_route=%2Fwp%2Fv2%2Fcategories&post=9828"},{"taxonomy":"post_tag","embeddable":true,"href":"https:\/\/www.mouthiers-sur-boeme.fr\/index.php?rest_route=%2Fwp%2Fv2%2Ftags&post=9828"}],"curies":[{"name":"wp","href":"https:\/\/api.w.org\/{rel}","templated":true}]}}