{"id":9852,"date":"2023-09-09T08:36:00","date_gmt":"2023-09-09T07:36:00","guid":{"rendered":"https:\/\/www.mouthiers-sur-boeme.fr\/?p=9852"},"modified":"2023-09-11T15:06:07","modified_gmt":"2023-09-11T14:06:07","slug":"de-septembre-a-juin","status":"publish","type":"post","link":"https:\/\/www.mouthiers-sur-boeme.fr\/?p=9852","title":{"rendered":"DE SEPTEMBRE \u00c0 JUIN"},"content":{"rendered":"\n<div class=\"wp-block-image\"><figure class=\"aligncenter size-large is-resized\"><a href=\"https:\/\/www.mouthiers-sur-boeme.fr\/wp-content\/uploads\/2023\/08\/Prix-litteraire-papillon-lecture-2023-09.jpg\"><img loading=\"lazy\" src=\"https:\/\/www.mouthiers-sur-boeme.fr\/wp-content\/uploads\/2023\/08\/Prix-litteraire-papillon-lecture-2023-09.jpg\" alt=\"\" class=\"wp-image-9854\" width=\"398\" height=\"563\" srcset=\"https:\/\/www.mouthiers-sur-boeme.fr\/wp-content\/uploads\/2023\/08\/Prix-litteraire-papillon-lecture-2023-09.jpg 679w, https:\/\/www.mouthiers-sur-boeme.fr\/wp-content\/uploads\/2023\/08\/Prix-litteraire-papillon-lecture-2023-09-212x300.jpg 212w\" sizes=\"(max-width: 398px) 100vw, 398px\" \/><\/a><\/figure><\/div>\n\n\n\n<p><\/p>\n\n\n\n<p>A compter du 16 Ao\u00fbt \u00e0 la m\u00e9diath\u00e8que de Mouthiers :<\/p>\n\n\n\n<p>&#8211; Retours et pr\u00eats possibles \u00e0 hauteur de 5 documents par famille et sur pr\u00e9sentation indispensable de votre carte lecteur<\/p>\n\n\n\n<p>&#8211; Pas de r\u00e9servations possibles ni de transferts entre les biblioth\u00e8ques du r\u00e9seau Papillon-Lecture <\/p>\n\n\n\n<p>&#8211; Les nouvelles inscriptions sont possibles <\/p>\n\n\n\n<p>&#8211; Plus de d\u00e9p\u00f4ts possibles dans la bo\u00eete retour<\/p>\n\n\n\n<p>&#8211; Pas d&rsquo;acc\u00e8s aux ordinateurs en libre service<\/p>\n\n\n\n<p>A tr\u00e8s vite \u00e0 la m\u00e9diath\u00e8que !<\/p>\n\n\n\n<p><\/p>\n\n\n\n<p><a rel=\"noreferrer noopener\" href=\"https:\/\/www.calameo.com\/books\/00443570667a27ace263b?fbclid=IwAR3WMosC07PZJkoUsIQbLTZBM1vi9WTdUS-Q6ztDwbhi77K7hg8m0ElP0mA\" data-type=\"URL\" data-id=\"https:\/\/www.calameo.com\/books\/00443570667a27ace263b?fbclid=IwAR3WMosC07PZJkoUsIQbLTZBM1vi9WTdUS-Q6ztDwbhi77K7hg8m0ElP0mA\" target=\"_blank\">Programme Septembre D\u00e9cembre 2023<\/a><\/p>\n\n\n\n<p><\/p>\n\n\n\n<p><a href=\"https:\/\/www.facebook.com\/search\/top?q=m%C3%A9diath%C3%A8que%20de%20mouthiers%20-%20papillon-lecture\" data-type=\"URL\" data-id=\"https:\/\/www.facebook.com\/search\/top?q=m%C3%A9diath%C3%A8que%20de%20mouthiers%20-%20papillon-lecture\" target=\"_blank\" rel=\"noreferrer noopener\">Page FACEBOOK<\/a><\/p>\n","protected":false},"excerpt":{"rendered":"<p>A compter du 16 Ao\u00fbt \u00e0 la m\u00e9diath\u00e8que de Mouthiers : &#8211; Retours et pr\u00eats possibles \u00e0 hauteur de 5 documents par famille et sur pr\u00e9sentation indispensable de votre carte lecteur &#8211; Pas de r\u00e9servations possibles ni de transferts entre les biblioth\u00e8ques du r\u00e9seau Papillon-Lecture &#8211; Les nouvelles inscriptions sont possibles &#8211; Plus de d\u00e9p\u00f4ts &hellip; <a href=\"https:\/\/www.mouthiers-sur-boeme.fr\/?p=9852\" class=\"more-link\">Continuer la lecture de <span class=\"screen-reader-text\">DE SEPTEMBRE \u00c0 JUIN<\/span>  <span class=\"meta-nav\">&rarr;<\/span><\/a><\/p>\n","protected":false},"author":22,"featured_media":0,"comment_status":"open","ping_status":"open","sticky":false,"template":"","format":"standard","meta":[],"categories":[20],"tags":[],"_links":{"self":[{"href":"https:\/\/www.mouthiers-sur-boeme.fr\/index.php?rest_route=\/wp\/v2\/posts\/9852"}],"collection":[{"href":"https:\/\/www.mouthiers-sur-boeme.fr\/index.php?rest_route=\/wp\/v2\/posts"}],"about":[{"href":"https:\/\/www.mouthiers-sur-boeme.fr\/index.php?rest_route=\/wp\/v2\/types\/post"}],"author":[{"embeddable":true,"href":"https:\/\/www.mouthiers-sur-boeme.fr\/index.php?rest_route=\/wp\/v2\/users\/22"}],"replies":[{"embeddable":true,"href":"https:\/\/www.mouthiers-sur-boeme.fr\/index.php?rest_route=%2Fwp%2Fv2%2Fcomments&post=9852"}],"version-history":[{"count":3,"href":"https:\/\/www.mouthiers-sur-boeme.fr\/index.php?rest_route=\/wp\/v2\/posts\/9852\/revisions"}],"predecessor-version":[{"id":9857,"href":"https:\/\/www.mouthiers-sur-boeme.fr\/index.php?rest_route=\/wp\/v2\/posts\/9852\/revisions\/9857"}],"wp:attachment":[{"href":"https:\/\/www.mouthiers-sur-boeme.fr\/index.php?rest_route=%2Fwp%2Fv2%2Fmedia&parent=9852"}],"wp:term":[{"taxonomy":"category","embeddable":true,"href":"https:\/\/www.mouthiers-sur-boeme.fr\/index.php?rest_route=%2Fwp%2Fv2%2Fcategories&post=9852"},{"taxonomy":"post_tag","embeddable":true,"href":"https:\/\/www.mouthiers-sur-boeme.fr\/index.php?rest_route=%2Fwp%2Fv2%2Ftags&post=9852"}],"curies":[{"name":"wp","href":"https:\/\/api.w.org\/{rel}","templated":true}]}}