{"id":9889,"date":"2023-09-10T10:11:23","date_gmt":"2023-09-10T09:11:23","guid":{"rendered":"https:\/\/www.mouthiers-sur-boeme.fr\/?p=9889"},"modified":"2023-10-03T08:19:00","modified_gmt":"2023-10-03T07:19:00","slug":"vegetalisation-des-pieds-de-murs","status":"publish","type":"post","link":"https:\/\/www.mouthiers-sur-boeme.fr\/?p=9889","title":{"rendered":"v\u00e9g\u00e9talisation des pieds de murs"},"content":{"rendered":"\n<div class=\"wp-block-image\"><figure class=\"aligncenter is-resized\"><img loading=\"lazy\" src=\"https:\/\/www.mouthiers-sur-boeme.fr\/wp-content\/uploads\/2023\/09\/image-2.png\" alt=\"L\u2019attribut alt de cette image est vide, son nom de fichier est image-2.png.\" width=\"116\" height=\"200\"\/><\/figure><\/div>\n\n\n\n<p class=\"has-text-align-center has-text-color\" style=\"color:#185fd9;font-size:22px\"><img src=\"\"> <strong>CHARTE V\u00c9G\u00c9TALISATION<\/strong><\/p>\n\n\n\n<p class=\"has-text-align-center has-text-color\" style=\"color:#185fd9;font-size:22px\"><strong>DES PIEDS DE<\/strong><\/p>\n\n\n\n<p class=\"has-text-align-center has-text-color\" style=\"color:#185fd9;font-size:22px\"><strong>MURS<\/strong><\/p>\n\n\n\n<p>Chaque habitant peut demander un permis de planter pour son pied de mur. Une personne morale (association, \u00e9cole, syndic de copropri\u00e9t\u00e9, entreprise, commerce, etc.) peut \u00e9galement en faire la demande. Les demandes collectives (plusieurs voisins) sont possibles.<\/p>\n\n\n\n<p>La demande se fait via un formulaire disponible sur le site internet de la commune ou en remplissant ce formulaire<\/p>\n\n\n\n<p class=\"has-green-color has-text-color\"><strong>QUELS V\u00c9G\u00c9TAUX PLANTER<\/strong><\/p>\n\n\n\n<p>La v\u00e9g\u00e9tation en pied de mur doit \u00eatre int\u00e9gr\u00e9e de mani\u00e8re esth\u00e9tique dans son environnement et maintenue en bon \u00e9tat. Elle devra \u00eatre adapt\u00e9e aux conditions d\u2019ensoleillement et \u00e0 la nature du sol. Les services techniques se tiennent \u00e0 votre disposition pour vous conseiller sur le choix des plantes.<\/p>\n\n\n\n<p>Sont \u00e0 privil\u00e9gier&nbsp;:<\/p>\n\n\n\n<p>&#8211; Les plantes r\u00e9sistantes et peu consommatrices en eau<\/p>\n\n\n\n<p>&#8211; Les plantes comestibles<\/p>\n\n\n\n<p>&#8211; Les plantes mellif\u00e8res int\u00e9ressantes pour les pollinisateurs ;<\/p>\n\n\n\n<p>&#8211; Les plantes sauvages locales, plus adapt\u00e9es et moins exigeantes ;<\/p>\n\n\n\n<p>&#8211; Les vivaces<\/p>\n\n\n\n<p>Une liste des v\u00e9g\u00e9taux conseill\u00e9s est consultable sur le site internet de la commune.<\/p>\n\n\n\n<p>Les plantes \u00e0 proscrire sont&nbsp;:<\/p>\n\n\n\n<p>&#8211; les plantes invasives (verge d\u2019or, s\u00e9ne\u00e7on du Cap, buddleia, raison d\u2019Am\u00e9rique, herbe de la pampa, renou\u00e9e du japon, bambous\u2026),<\/p>\n\n\n\n<p>&#8211; les plantes rhizomateuses type bambou<\/p>\n\n\n\n<p>&#8211; les \u00e9pineuses ou urticantes<\/p>\n\n\n\n<p>&#8211; les plantes ayant des baies toxiques ou \u00e0 fort potentiel allerg\u00e8ne<\/p>\n\n\n\n<p>(plus d\u2019infos : http:\/\/www.pollens.fr\/le-reseau\/les-pollens.php)<\/p>\n\n\n\n<p class=\"has-green-color has-text-color\"><strong>IMPLANTATION DES V\u00c9G\u00c9TAUX<\/strong><\/p>\n\n\n\n<p>Les fosses seront privil\u00e9gi\u00e9es contrairement aux bacs qui ne seront utilis\u00e9s qu\u2019en dernier ressort apr\u00e8s validation par la commune. Elles seront r\u00e9alis\u00e9es , sauf impossibilit\u00e9 techniques (pr\u00e9sence de r\u00e9seaux, entrave \u00e0 la circulation), par les agents communaux \u00e0 titre gracieux.<\/p>\n\n\n\n<p>Afin de ne pas g\u00eaner la circulation des pi\u00e9tons, la v\u00e9g\u00e9talisation ne doit pas entraver le passage sauf cas particuliers (1.40 m de passage au minimum \u00e0 respecter).<\/p>\n\n\n\n<p>et devra aussi \u00eatre contenue sous les goutti\u00e8res<\/p>\n\n\n\n<p>D\u2019une mani\u00e8re g\u00e9n\u00e9rale, il ne devra r\u00e9sulter de l\u2019activit\u00e9 aucune g\u00eane pour la<\/p>\n\n\n\n<p>circulation , ni aux propri\u00e9t\u00e9s riveraines et \u00e0 ses acc\u00e8s et ni occasionner de blessures. L\u2019espace am\u00e9nag\u00e9 concerne uniquement l\u2019espace au droit de la propri\u00e9t\u00e9 du demandeur. Pas de plantation au pied des poteaux, du mobilier urbain et de plantes grimpantes au pied des arbres.<\/p>\n\n\n\n<p>Les plantes, leurs supports, l\u2019implantation et la pose des fixations sont \u00e0 la charge du demandeur.<\/p>\n\n\n\n<p>Le travail du sol est limit\u00e9 \u00e0 15cm de profondeur maximum.<\/p>\n\n\n\n<p><strong>CONDITION D\u2019ENTRETIEN<\/strong><\/p>\n\n\n\n<p>Il vous incombe et est \u00e0 votre charge&nbsp;:<\/p>\n\n\n\n<p>* L\u2019arrosage des v\u00e9g\u00e9taux si n\u00e9cessaire et toujours de fa\u00e7on \u00e9conome<\/p>\n\n\n\n<p>* Le maintien du trottoir propre en ramassant les feuilles et d\u00e9chets issus des plantations.<\/p>\n\n\n\n<p>* la taille r\u00e9guli\u00e8rement des v\u00e9g\u00e9taux afin de limiter l\u2019emprise sur le trottoir et ne pas g\u00eaner le passage. Contenir les plantes grimpantes en pied de fa\u00e7ade afin qu\u2019elles ne d\u00e9bordent pas sur les propri\u00e9t\u00e9s voisines.<\/p>\n\n\n\n<p>* le d\u00e9sherbage m\u00e9canique, le d\u00e9sherbant chimique ou pesticide sont interdits<\/p>\n\n\n\n<p>* l\u2019apport de la fumure organique type compost m\u00e9nager ou terreau (Pas d\u2019apport d\u2019engrais min\u00e9ral)<\/p>\n\n\n\n<p class=\"has-green-color has-text-color\"><strong>OCCUPATION DU DOMAINE PUBLIC<\/strong><\/p>\n\n\n\n<p>La d\u00e9livrance du permis de planter par la commune de Mouthiers-sur-Bo\u00ebme vaut autorisation d\u2019occupation temporaire du domaine public. Elle est d\u00e9livr\u00e9e \u00e0 titre gratuit. Elle reste pr\u00e9caire et r\u00e9vocable \u00e0 tout moment en cas de d\u00e9gradation, de manque d\u2019entretien ou besoin de la commune. Le b\u00e9n\u00e9ficiaire ne peut tirer un b\u00e9n\u00e9fice d\u2019aucune sorte de cette occupation du domaine public.<\/p>\n\n\n\n<p>En cas de non-respect de ces r\u00e8gles, la commune de Mouthiers-sur-Bo\u00ebme rappelle au demandeur ses obligations et r\u00e9cup\u00e8re sans formalit\u00e9s la ma\u00eetrise de l\u2019espace.<\/p>\n\n\n\n<div class=\"wp-block-image\"><figure class=\"aligncenter size-large\"><a href=\"https:\/\/www.mouthiers-sur-boeme.fr\/wp-content\/uploads\/2023\/09\/image.png\"><img loading=\"lazy\" width=\"328\" height=\"154\" src=\"https:\/\/www.mouthiers-sur-boeme.fr\/wp-content\/uploads\/2023\/09\/image.png\" alt=\"\" class=\"wp-image-9890\" srcset=\"https:\/\/www.mouthiers-sur-boeme.fr\/wp-content\/uploads\/2023\/09\/image.png 328w, https:\/\/www.mouthiers-sur-boeme.fr\/wp-content\/uploads\/2023\/09\/image-300x141.png 300w\" sizes=\"(max-width: 328px) 100vw, 328px\" \/><\/a><\/figure><\/div>\n\n\n\n<p><strong>DEMANDE DU PERMIS DE PLANTER<\/strong><\/p>\n\n\n\n<p><strong>NOM <\/strong>: \u2026\u2026\u2026\u2026\u2026\u2026\u2026\u2026\u2026\u2026\u2026\u2026\u2026\u2026\u2026\u2026\u2026\u2026\u2026\u2026\u2026\u2026\u2026\u2026\u2026\u2026\u2026\u2026\u2026\u2026\u2026\u2026\u2026\u2026\u2026\u2026\u2026\u2026\u2026\u2026\u2026\u2026\u2026\u2026\u2026\u2026\u2026\u2026\u2026\u2026\u2026\u2026\u2026\u2026\u2026.<\/p>\n\n\n\n<p><strong>Pr\u00e9nom <\/strong>: \u2026\u2026\u2026\u2026\u2026\u2026\u2026\u2026\u2026\u2026\u2026\u2026\u2026\u2026\u2026\u2026\u2026\u2026\u2026\u2026\u2026\u2026\u2026\u2026\u2026\u2026\u2026\u2026\u2026\u2026\u2026\u2026\u2026\u2026\u2026\u2026\u2026\u2026\u2026\u2026\u2026\u2026\u2026\u2026\u2026\u2026\u2026\u2026\u2026\u2026\u2026\u2026\u2026..<\/p>\n\n\n\n<p><strong>Statut <\/strong>(locataire*, propri\u00e9taire, \u00e9cole, association\u2026) : \u2026\u2026\u2026\u2026\u2026\u2026\u2026\u2026\u2026\u2026\u2026\u2026\u2026\u2026\u2026\u2026\u2026\u2026\u2026\u2026\u2026\u2026\u2026\u2026\u2026\u2026\u2026\u2026<\/p>\n\n\n\n<p><strong>NOM de la structure <\/strong>(si n\u00e9cessaire) : \u2026\u2026\u2026\u2026\u2026\u2026\u2026\u2026\u2026\u2026\u2026\u2026\u2026\u2026\u2026\u2026\u2026\u2026\u2026\u2026\u2026\u2026\u2026\u2026\u2026\u2026\u2026\u2026\u2026\u2026\u2026\u2026\u2026\u2026\u2026\u2026\u2026..<\/p>\n\n\n\n<p><strong>Adresse <\/strong>: \u2026\u2026\u2026\u2026\u2026\u2026\u2026\u2026\u2026\u2026\u2026\u2026\u2026\u2026\u2026\u2026\u2026\u2026\u2026\u2026\u2026\u2026\u2026\u2026\u2026\u2026\u2026\u2026\u2026\u2026\u2026\u2026\u2026\u2026\u2026\u2026\u2026\u2026\u2026\u2026\u2026\u2026\u2026\u2026\u2026\u2026\u2026\u2026\u2026<\/p>\n\n\n\n<p><strong>T\u00e9l\u00e9phone <\/strong>: .\u2026\u2026\u2026\u2026\u2026\u2026\u2026\u2026\u2026\u2026\u2026\u2026\u2026\u2026\u2026\u2026\u2026<strong>Adresse email <\/strong>:\u2026\u2026\u2026\u2026\u2026\u2026\u2026\u2026\u2026\u2026\u2026\u2026\u2026\u2026\u2026\u2026\u2026\u2026\u2026\u2026\u2026\u2026\u2026\u2026\u2026.<\/p>\n\n\n\n<p>*Pour les locataires, joindre l\u2019accord du propri\u00e9taire ou des co-propri\u00e9taires pour la v\u00e9g\u00e9talisation du pied de mur<\/p>\n\n\n\n<p><strong>Signature et date de la demande<\/strong>:<\/p>\n","protected":false},"excerpt":{"rendered":"<p>CHARTE V\u00c9G\u00c9TALISATION DES PIEDS DE MURS Chaque habitant peut demander un permis de planter pour son pied de mur. Une personne morale (association, \u00e9cole, syndic de copropri\u00e9t\u00e9, entreprise, commerce, etc.) peut \u00e9galement en faire la demande. Les demandes collectives (plusieurs voisins) sont possibles. La demande se fait via un formulaire disponible sur le site internet &hellip; <a href=\"https:\/\/www.mouthiers-sur-boeme.fr\/?p=9889\" class=\"more-link\">Continuer la lecture de <span class=\"screen-reader-text\">v\u00e9g\u00e9talisation des pieds de murs<\/span>  <span class=\"meta-nav\">&rarr;<\/span><\/a><\/p>\n","protected":false},"author":22,"featured_media":8935,"comment_status":"open","ping_status":"open","sticky":false,"template":"","format":"standard","meta":[],"categories":[106],"tags":[],"_links":{"self":[{"href":"https:\/\/www.mouthiers-sur-boeme.fr\/index.php?rest_route=\/wp\/v2\/posts\/9889"}],"collection":[{"href":"https:\/\/www.mouthiers-sur-boeme.fr\/index.php?rest_route=\/wp\/v2\/posts"}],"about":[{"href":"https:\/\/www.mouthiers-sur-boeme.fr\/index.php?rest_route=\/wp\/v2\/types\/post"}],"author":[{"embeddable":true,"href":"https:\/\/www.mouthiers-sur-boeme.fr\/index.php?rest_route=\/wp\/v2\/users\/22"}],"replies":[{"embeddable":true,"href":"https:\/\/www.mouthiers-sur-boeme.fr\/index.php?rest_route=%2Fwp%2Fv2%2Fcomments&post=9889"}],"version-history":[{"count":3,"href":"https:\/\/www.mouthiers-sur-boeme.fr\/index.php?rest_route=\/wp\/v2\/posts\/9889\/revisions"}],"predecessor-version":[{"id":9897,"href":"https:\/\/www.mouthiers-sur-boeme.fr\/index.php?rest_route=\/wp\/v2\/posts\/9889\/revisions\/9897"}],"wp:featuredmedia":[{"embeddable":true,"href":"https:\/\/www.mouthiers-sur-boeme.fr\/index.php?rest_route=\/wp\/v2\/media\/8935"}],"wp:attachment":[{"href":"https:\/\/www.mouthiers-sur-boeme.fr\/index.php?rest_route=%2Fwp%2Fv2%2Fmedia&parent=9889"}],"wp:term":[{"taxonomy":"category","embeddable":true,"href":"https:\/\/www.mouthiers-sur-boeme.fr\/index.php?rest_route=%2Fwp%2Fv2%2Fcategories&post=9889"},{"taxonomy":"post_tag","embeddable":true,"href":"https:\/\/www.mouthiers-sur-boeme.fr\/index.php?rest_route=%2Fwp%2Fv2%2Ftags&post=9889"}],"curies":[{"name":"wp","href":"https:\/\/api.w.org\/{rel}","templated":true}]}}