{"id":9907,"date":"2023-09-19T06:53:26","date_gmt":"2023-09-19T05:53:26","guid":{"rendered":"https:\/\/www.mouthiers-sur-boeme.fr\/?p=9907"},"modified":"2023-09-19T06:55:20","modified_gmt":"2023-09-19T05:55:20","slug":"mediatheque-rencontre","status":"publish","type":"post","link":"https:\/\/www.mouthiers-sur-boeme.fr\/?p=9907","title":{"rendered":"MEDIATHEQUE RENCONTRE"},"content":{"rendered":"\n<p>Caf\u00e9-Lecture vendredi 29 septembre \u00e0 18h &#8211; Biblioth\u00e8que de Roullet<\/p>\n\n\n\n<p><\/p>\n\n\n\n<p>Venez \u00e0 notre premier \u00ab\u00a0Caf\u00e9 Lecture\u00a0\u00bb : envie de nous parler de vos lectures, ou seulement d&rsquo;\u00e9couter et de d\u00e9couvrir des titres qui ne vous auraient pas attir\u00e9s, alors n&rsquo;h\u00e9sitez plus, venez nous rejoindre !<\/p>\n","protected":false},"excerpt":{"rendered":"<p>Caf\u00e9-Lecture vendredi 29 septembre \u00e0 18h &#8211; Biblioth\u00e8que de Roullet Venez \u00e0 notre premier \u00ab\u00a0Caf\u00e9 Lecture\u00a0\u00bb : envie de nous parler de vos lectures, ou seulement d&rsquo;\u00e9couter et de d\u00e9couvrir des titres qui ne vous auraient pas attir\u00e9s, alors n&rsquo;h\u00e9sitez plus, venez nous rejoindre !<\/p>\n","protected":false},"author":22,"featured_media":0,"comment_status":"open","ping_status":"open","sticky":false,"template":"","format":"standard","meta":[],"categories":[20,1],"tags":[],"_links":{"self":[{"href":"https:\/\/www.mouthiers-sur-boeme.fr\/index.php?rest_route=\/wp\/v2\/posts\/9907"}],"collection":[{"href":"https:\/\/www.mouthiers-sur-boeme.fr\/index.php?rest_route=\/wp\/v2\/posts"}],"about":[{"href":"https:\/\/www.mouthiers-sur-boeme.fr\/index.php?rest_route=\/wp\/v2\/types\/post"}],"author":[{"embeddable":true,"href":"https:\/\/www.mouthiers-sur-boeme.fr\/index.php?rest_route=\/wp\/v2\/users\/22"}],"replies":[{"embeddable":true,"href":"https:\/\/www.mouthiers-sur-boeme.fr\/index.php?rest_route=%2Fwp%2Fv2%2Fcomments&post=9907"}],"version-history":[{"count":1,"href":"https:\/\/www.mouthiers-sur-boeme.fr\/index.php?rest_route=\/wp\/v2\/posts\/9907\/revisions"}],"predecessor-version":[{"id":9908,"href":"https:\/\/www.mouthiers-sur-boeme.fr\/index.php?rest_route=\/wp\/v2\/posts\/9907\/revisions\/9908"}],"wp:attachment":[{"href":"https:\/\/www.mouthiers-sur-boeme.fr\/index.php?rest_route=%2Fwp%2Fv2%2Fmedia&parent=9907"}],"wp:term":[{"taxonomy":"category","embeddable":true,"href":"https:\/\/www.mouthiers-sur-boeme.fr\/index.php?rest_route=%2Fwp%2Fv2%2Fcategories&post=9907"},{"taxonomy":"post_tag","embeddable":true,"href":"https:\/\/www.mouthiers-sur-boeme.fr\/index.php?rest_route=%2Fwp%2Fv2%2Ftags&post=9907"}],"curies":[{"name":"wp","href":"https:\/\/api.w.org\/{rel}","templated":true}]}}