{"id":9960,"date":"2023-10-02T18:53:40","date_gmt":"2023-10-02T17:53:40","guid":{"rendered":"https:\/\/www.mouthiers-sur-boeme.fr\/?p=9960"},"modified":"2023-10-08T08:42:43","modified_gmt":"2023-10-08T07:42:43","slug":"au-fil-du-conte-2","status":"publish","type":"post","link":"https:\/\/www.mouthiers-sur-boeme.fr\/?p=9960","title":{"rendered":"AU FIL DU CONTE"},"content":{"rendered":"\n<p> <\/p>\n\n\n\n<p>Final du festival \u00ab\u00a0Au fil du conte\u00a0\u00bb  <strong>Dimanche 08 Octobre \u00e0 15h.<\/strong><br>Rendez-vous \u00e0 l&rsquo;\u00e9glise de Plassac-Rouffiac pour d\u00e9couvrir une balade cont\u00e9e dont seules les deux talentueuses conteuses Christel Delpeyroux et Chlo\u00e9 Gabrielli connaissent le secret&#8230;<\/p>\n\n\n\n<p>R\u00c9SERVATION : 05 45 67 89 47<\/p>\n\n\n\n<div class=\"wp-block-image\"><figure class=\"aligncenter size-large is-resized\"><a href=\"https:\/\/www.mouthiers-sur-boeme.fr\/wp-content\/uploads\/2023\/10\/Balade-contee-1.png\"><img loading=\"lazy\" src=\"https:\/\/www.mouthiers-sur-boeme.fr\/wp-content\/uploads\/2023\/10\/Balade-contee-1.png\" alt=\"\" class=\"wp-image-9966\" width=\"302\" height=\"444\" srcset=\"https:\/\/www.mouthiers-sur-boeme.fr\/wp-content\/uploads\/2023\/10\/Balade-contee-1.png 482w, https:\/\/www.mouthiers-sur-boeme.fr\/wp-content\/uploads\/2023\/10\/Balade-contee-1-204x300.png 204w\" sizes=\"(max-width: 302px) 100vw, 302px\" \/><\/a><\/figure><\/div>\n\n\n\n<p><\/p>\n","protected":false},"excerpt":{"rendered":"<p>Final du festival \u00ab\u00a0Au fil du conte\u00a0\u00bb Dimanche 08 Octobre \u00e0 15h.Rendez-vous \u00e0 l&rsquo;\u00e9glise de Plassac-Rouffiac pour d\u00e9couvrir une balade cont\u00e9e dont seules les deux talentueuses conteuses Christel Delpeyroux et Chlo\u00e9 Gabrielli connaissent le secret&#8230; R\u00c9SERVATION : 05 45 67 89 47<\/p>\n","protected":false},"author":22,"featured_media":9961,"comment_status":"open","ping_status":"open","sticky":false,"template":"","format":"standard","meta":[],"categories":[20],"tags":[],"_links":{"self":[{"href":"https:\/\/www.mouthiers-sur-boeme.fr\/index.php?rest_route=\/wp\/v2\/posts\/9960"}],"collection":[{"href":"https:\/\/www.mouthiers-sur-boeme.fr\/index.php?rest_route=\/wp\/v2\/posts"}],"about":[{"href":"https:\/\/www.mouthiers-sur-boeme.fr\/index.php?rest_route=\/wp\/v2\/types\/post"}],"author":[{"embeddable":true,"href":"https:\/\/www.mouthiers-sur-boeme.fr\/index.php?rest_route=\/wp\/v2\/users\/22"}],"replies":[{"embeddable":true,"href":"https:\/\/www.mouthiers-sur-boeme.fr\/index.php?rest_route=%2Fwp%2Fv2%2Fcomments&post=9960"}],"version-history":[{"count":4,"href":"https:\/\/www.mouthiers-sur-boeme.fr\/index.php?rest_route=\/wp\/v2\/posts\/9960\/revisions"}],"predecessor-version":[{"id":9971,"href":"https:\/\/www.mouthiers-sur-boeme.fr\/index.php?rest_route=\/wp\/v2\/posts\/9960\/revisions\/9971"}],"wp:featuredmedia":[{"embeddable":true,"href":"https:\/\/www.mouthiers-sur-boeme.fr\/index.php?rest_route=\/wp\/v2\/media\/9961"}],"wp:attachment":[{"href":"https:\/\/www.mouthiers-sur-boeme.fr\/index.php?rest_route=%2Fwp%2Fv2%2Fmedia&parent=9960"}],"wp:term":[{"taxonomy":"category","embeddable":true,"href":"https:\/\/www.mouthiers-sur-boeme.fr\/index.php?rest_route=%2Fwp%2Fv2%2Fcategories&post=9960"},{"taxonomy":"post_tag","embeddable":true,"href":"https:\/\/www.mouthiers-sur-boeme.fr\/index.php?rest_route=%2Fwp%2Fv2%2Ftags&post=9960"}],"curies":[{"name":"wp","href":"https:\/\/api.w.org\/{rel}","templated":true}]}}